{"id":14282,"date":"2019-02-14T15:40:31","date_gmt":"2019-02-14T20:40:31","guid":{"rendered":"https:\/\/linitiative.ca\/International\/tunisie-la-france-double-ses-investissements-directs-en-tunisie-dici-2020\/"},"modified":"2019-02-14T15:40:31","modified_gmt":"2019-02-14T20:40:31","slug":"tunisie-la-france-double-ses-investissements-directs-en-tunisie-dici-2020","status":"publish","type":"post","link":"https:\/\/linitiative.ca\/International\/tunisie-la-france-double-ses-investissements-directs-en-tunisie-dici-2020\/","title":{"rendered":"Tunisie \u2013 La France double ses investissements directs en Tunisie d\u2019ici 2020"},"content":{"rendered":"<div class=\"post-cont-in left relative\">\n<div class=\"nc_socialPanel swp_flatFresh swp_d_fullColor swp_i_fullColor swp_o_fullColor scale-100 scale-fullWidth\" data-position=\"none\" data-float=\"floatNone\" data-count=\"5\" data-floatcolor=\"#ffffff\" data-emphasize=\"0\">\n<div class=\"nc_tweetContainer totes totesalt\" data-id=\"6\"><span class=\"swp_count\"><span class=\"swp_label\">Partages<\/span> 25<\/span><\/div>\n<\/div>\n<p>Le premier ministre fran\u00e7ais, Edouard Philippe a annonc\u00e9, ce jeudi au cours d\u2019un point de presse tenu \u00e0 la fin des assises du conseil sup\u00e9rieur de la coop\u00e9ration franco-tunisienne, que la France s\u2019engage \u00e0 doubler le volume de ses investissements en Tunisie, d\u2019ici l\u2019an 2020, pour atteindre le volume de 250 millions d\u2019Euros par an.<\/p>\n<div class=\"mvp-org-wrap mvp-org-logo\" itemprop=\"publisher\" itemscope=\"\" itemtype=\"https:\/\/schema.org\/Organization\"><img decoding=\"async\" src=\"https:\/\/www.tunisienumerique.com\/wp-content\/uploads\/2017\/02\/logo_tunisie_numerique.png\"\/><\/div>\n<div class=\"nc_socialPanel swp_flatFresh swp_d_fullColor swp_i_fullColor swp_o_fullColor scale-100 scale-fullWidth\" data-position=\"none\" data-float=\"floatNone\" data-count=\"5\" data-floatcolor=\"#ffffff\" data-emphasize=\"0\">\n<div class=\"nc_tweetContainer totes totesalt\" data-id=\"6\"><span class=\"swp_count\"><span class=\"swp_label\">Partages<\/span> 25<\/span><\/div>\n<\/div>\n<div class=\"mvp-related-posts left relative\">\n<h4 class=\"post-header\"><span class=\"post-header\">Lire aussi<\/span><\/h4>\n<\/div>\n<\/div>\n<p>Auteur: LM<br \/>\n<a href=\"https:\/\/www.tunisienumerique.com\/tunisie-la-france-double-ses-investissements-directs-en-tunisie-dici-2020\/\">Cliquez ici pour lire l&rsquo;article depuis sa source.<\/a><\/p>\n","protected":false},"excerpt":{"rendered":"<p>Partages 25 Le premier ministre fran\u00e7ais, Edouard Philippe a annonc\u00e9, ce jeudi au cours d\u2019un point de presse tenu \u00e0 la fin des assises du conseil sup\u00e9rieur de la coop\u00e9ration franco-tunisienne, que la France s\u2019engage \u00e0 doubler le volume de ses investissements en Tunisie, d\u2019ici l\u2019an 2020, pour atteindre le volume de 250 millions d\u2019Euros [&hellip;]<\/p>\n","protected":false},"author":1789,"featured_media":14283,"comment_status":"closed","ping_status":"closed","sticky":false,"template":"","format":"standard","meta":{"fifu_image_url":"","fifu_image_alt":"","footnotes":""},"categories":[73,55],"tags":[],"class_list":["post-14282","post","type-post","status-publish","format-standard","has-post-thumbnail","hentry","category-actualite","category-tunisie"],"_links":{"self":[{"href":"https:\/\/linitiative.ca\/International\/wp-json\/wp\/v2\/posts\/14282","targetHints":{"allow":["GET"]}}],"collection":[{"href":"https:\/\/linitiative.ca\/International\/wp-json\/wp\/v2\/posts"}],"about":[{"href":"https:\/\/linitiative.ca\/International\/wp-json\/wp\/v2\/types\/post"}],"author":[{"embeddable":true,"href":"https:\/\/linitiative.ca\/International\/wp-json\/wp\/v2\/users\/1789"}],"replies":[{"embeddable":true,"href":"https:\/\/linitiative.ca\/International\/wp-json\/wp\/v2\/comments?post=14282"}],"version-history":[{"count":0,"href":"https:\/\/linitiative.ca\/International\/wp-json\/wp\/v2\/posts\/14282\/revisions"}],"wp:featuredmedia":[{"embeddable":true,"href":"https:\/\/linitiative.ca\/International\/wp-json\/"}],"wp:attachment":[{"href":"https:\/\/linitiative.ca\/International\/wp-json\/wp\/v2\/media?parent=14282"}],"wp:term":[{"taxonomy":"category","embeddable":true,"href":"https:\/\/linitiative.ca\/International\/wp-json\/wp\/v2\/categories?post=14282"},{"taxonomy":"post_tag","embeddable":true,"href":"https:\/\/linitiative.ca\/International\/wp-json\/wp\/v2\/tags?post=14282"}],"curies":[{"name":"wp","href":"https:\/\/api.w.org\/{rel}","templated":true}]}}