{"id":142820,"date":"2022-03-10T17:33:12","date_gmt":"2022-03-10T22:33:12","guid":{"rendered":"https:\/\/linitiative.ca\/International\/ministere-des-mines-et-des-carrieres-jean-alphonse-some-a-pris-fonction\/"},"modified":"2022-03-10T17:33:12","modified_gmt":"2022-03-10T22:33:12","slug":"ministere-des-mines-et-des-carrieres-jean-alphonse-some-a-pris-fonction","status":"publish","type":"post","link":"https:\/\/linitiative.ca\/International\/ministere-des-mines-et-des-carrieres-jean-alphonse-some-a-pris-fonction\/","title":{"rendered":"Minist\u00e8re des Mines et des Carri\u00e8res  : Jean Alphonse Som\u00e9 a pris fonction"},"content":{"rendered":"<div>\n<p><strong>Le ministre des Mines et Carri\u00e8res, Jean Alphonse Som\u00e9, a \u00e9t\u00e9 install\u00e9 dans ses fonctions, le jeudi 10 mars 2022 \u00e0 Ouagadougou, par le secr\u00e9taire g\u00e9n\u00e9ral du gouvernement et du conseil des ministres, Jacques Sosth\u00e8ne Dingara.<\/strong><\/p>\n<p>Le d\u00e9partement des Mines et Carri\u00e8res, connait un nouveau patron. Nomm\u00e9 par d\u00e9cret N\u00b02022-053\/PRES du 5 mars 2022, au poste de ministre des Mines et des Carri\u00e8res, Jean Alphonse Som\u00e9 a pris officiellement fonction, le jeudi 10 mars 2022 \u00e0 Ouagadougou. Il a \u00e9t\u00e9 install\u00e9 par le Secr\u00e9taire g\u00e9n\u00e9ral (SG) du gouvernement et du conseil des ministres, Jacques Sosth\u00e8ne Dingara, qui, dans la foul\u00e9e, a prodigu\u00e9 des conseils au nouveau ministre. Il a, entre autres, soutenu que le chef de l\u2019Etat fonde un r\u00e9el espoir sur les hommes qu\u2019il a nomm\u00e9s Et dans le secteur des mines et carri\u00e8res, le SG du gouvernement a dit reconnaitre les qualit\u00e9s et les comp\u00e9tences \u00ab av\u00e9r\u00e9es \u00bb du nouveau ministre, lesquelles capacit\u00e9s d\u2019initiatives et de management devraient permettre de relever les d\u00e9fis dans le domaine minier. Ce sont d\u2019ailleurs ces valeurs qui, selon Jacques Sosth\u00e8ne Dingara, ont pr\u00e9valu \u00e0 la nomination de M. Som\u00e9 \u00e0 la t\u00eate de ce d\u00e9partement. Il a invit\u00e9 le ministre entrant ainsi que l\u2019ensemble du personnel de son minist\u00e8re \u00e0 resserrer les rangs en vue d\u2019accomplir au mieux la mission de l\u2019heure, et atteindre les objectifs d\u00e9clin\u00e9s dans la politique gouvernementale en mati\u00e8re mini\u00e8re. Pour le nouveau ministre, avec l\u2019accompagnement de l\u2019ensemble du personnel de son d\u00e9partement, des d\u00e9fis seront relev\u00e9s. Et au nombre de ces d\u00e9fis, M Som\u00e9 a point\u00e9 du doigt l\u2019assainissement du cadastre minier, la r\u00e9forme de l\u2019exploitation artisanale de l\u2019or, la relance de l\u2019exploration mini\u00e8re, la r\u00e9organisation des activit\u00e9s de suivi-contr\u00f4le, afin de mieux encadrer le secteur.<\/p>\n<p>Il a en outre dans son viseur, la promotion des produits issus des substances de carri\u00e8res, le renforcement des capacit\u00e9s des structures op\u00e9rationnelles, la r\u00e9organisation du minist\u00e8re pour \u00eatre en phase avec lesdits d\u00e9fis. \u00ab Le secteur minier occupe une importante place dans l\u2019\u00e9conomie du pays. Et, je m\u2019\u00e9vertuerai avec le soutien de mes collaborateurs, \u00e0 relever les d\u00e9fis qui sont les n\u00f4tres. Il faut rappeler que les ressources naturelles sont \u00e9puisables, ce faisant, leur exploitation n\u00e9cessite une gestion rigoureuse et une attention particuli\u00e8re \u00bb, a pr\u00e9venu le ministre Som\u00e9. Le ministre a \u00e9galement invit\u00e9 ses techniciens \u00e0 redoubler d\u2019efforts dans l\u2019exploration afin de trouver de nouveaux sites \u00e0 m\u00eame de remplacer les 17 mines industrielles actuellement en exploitation.<\/p>\n<p style=\"text-align: right\"><strong>Wanl\u00e9 G\u00e9rard COULIBALY <\/strong><\/p>\n<p>L\u2019article <a rel=\"nofollow\" href=\"https:\/\/www.sidwaya.info\/blog\/2022\/03\/10\/ministere-des-mines-et-des-carrieres-jean-alphonse-some-a-pris-fonction\/\">Minist\u00e8re des Mines et des Carri\u00e8res  : Jean Alphonse Som\u00e9 a pris fonction<\/a> est apparu en premier sur <a rel=\"nofollow\" href=\"https:\/\/www.sidwaya.info\/\">Quotidien Sidwaya<\/a>.<\/p>\n<\/div>\n<p>Auteur: JK. Sidwaya<br \/>\n<a href=\"https:\/\/www.sidwaya.info\/blog\/2022\/03\/10\/ministere-des-mines-et-des-carrieres-jean-alphonse-some-a-pris-fonction\/?utm_source=rss&#038;utm_medium=rss&#038;utm_campaign=ministere-des-mines-et-des-carrieres-jean-alphonse-some-a-pris-fonction\">Cliquez ici pour lire l&rsquo;article depuis sa source.<\/a><\/p>\n","protected":false},"excerpt":{"rendered":"<p>Le ministre des Mines et Carri\u00e8res, Jean Alphonse Som\u00e9, a \u00e9t\u00e9 install\u00e9 dans ses fonctions, le jeudi 10 mars 2022 \u00e0 Ouagadougou, par le secr\u00e9taire g\u00e9n\u00e9ral du gouvernement et du conseil des ministres, Jacques Sosth\u00e8ne Dingara. Le d\u00e9partement des Mines et Carri\u00e8res, connait un nouveau patron. Nomm\u00e9 par d\u00e9cret N\u00b02022-053\/PRES du 5 mars 2022, au [&hellip;]<\/p>\n","protected":false},"author":1816,"featured_media":0,"comment_status":"closed","ping_status":"closed","sticky":false,"template":"","format":"standard","meta":{"fifu_image_url":"","fifu_image_alt":"","footnotes":""},"categories":[73,81],"tags":[],"class_list":["post-142820","post","type-post","status-publish","format-standard","hentry","category-actualite","category-burkina-faso"],"_links":{"self":[{"href":"https:\/\/linitiative.ca\/International\/wp-json\/wp\/v2\/posts\/142820","targetHints":{"allow":["GET"]}}],"collection":[{"href":"https:\/\/linitiative.ca\/International\/wp-json\/wp\/v2\/posts"}],"about":[{"href":"https:\/\/linitiative.ca\/International\/wp-json\/wp\/v2\/types\/post"}],"author":[{"embeddable":true,"href":"https:\/\/linitiative.ca\/International\/wp-json\/wp\/v2\/users\/1816"}],"replies":[{"embeddable":true,"href":"https:\/\/linitiative.ca\/International\/wp-json\/wp\/v2\/comments?post=142820"}],"version-history":[{"count":0,"href":"https:\/\/linitiative.ca\/International\/wp-json\/wp\/v2\/posts\/142820\/revisions"}],"wp:attachment":[{"href":"https:\/\/linitiative.ca\/International\/wp-json\/wp\/v2\/media?parent=142820"}],"wp:term":[{"taxonomy":"category","embeddable":true,"href":"https:\/\/linitiative.ca\/International\/wp-json\/wp\/v2\/categories?post=142820"},{"taxonomy":"post_tag","embeddable":true,"href":"https:\/\/linitiative.ca\/International\/wp-json\/wp\/v2\/tags?post=142820"}],"curies":[{"name":"wp","href":"https:\/\/api.w.org\/{rel}","templated":true}]}}