{"id":142821,"date":"2022-03-10T17:36:05","date_gmt":"2022-03-10T22:36:05","guid":{"rendered":"https:\/\/linitiative.ca\/International\/ministere-en-charge-de-la-communication-valerie-kabore-prend-les-renes\/"},"modified":"2022-03-10T17:36:05","modified_gmt":"2022-03-10T22:36:05","slug":"ministere-en-charge-de-la-communication-valerie-kabore-prend-les-renes","status":"publish","type":"post","link":"https:\/\/linitiative.ca\/International\/ministere-en-charge-de-la-communication-valerie-kabore-prend-les-renes\/","title":{"rendered":"Minist\u00e8re en charge de la Communication :  Val\u00e9rie Kabor\u00e9 prend  les r\u00eanes"},"content":{"rendered":"<div>\n<p><strong>Le nouveau ministre de la Communication, de la Culture, des Arts et du Tourisme, Val\u00e9rie Kabor\u00e9 a pris service, le jeudi 10 mars 2022 \u00e0 Ouagadougou.<\/strong><\/p>\n<p>Le Secr\u00e9taire g\u00e9n\u00e9ral (SG) du gouvernement et du conseil des ministres, Jacques Sosth\u00e8ne Dingara a install\u00e9, le jeudi 10 mars 2022 \u00e0 Ouagadougou, le nouveau ministre de la Communication, de la Culture, des Arts et du Tourisme, Val\u00e9rie Kabor\u00e9. Pour M. Dingara, la nomination de Val\u00e9rie Kabor\u00e9 \u00e0 la t\u00eate du d\u00e9partement de la communication est l\u2019expression d\u2019une confiance plac\u00e9e en sa personne, certainement au regard de ses comp\u00e9tences et ses exp\u00e9riences. Il a ajout\u00e9 que cela est une grande responsabilit\u00e9 qu\u2019elle va d\u00e9sormais assumer, celle de conduire avec succ\u00e8s le secteur de la communication, la culture et le tourisme. Ainsi, il l\u2019a invit\u00e9e \u00e0 \u00eatre au service du peuple en travaillant pour satisfaire les attentes des populations, notamment la mise en \u0153uvre et le suivi des engagements du pr\u00e9sident du Faso.<\/p>\n<p>Le ministre de la Communication, de la Culture, des Arts et du Tourisme, Val\u00e9rie Kabor\u00e9 pour sa part, a rendu gr\u00e2ce \u00e0 Dieu. Elle a aussi adress\u00e9 sa reconnaissance au pr\u00e9sident du Faso et au Premier ministre pour la confiance plac\u00e9e en sa modeste personne. Val\u00e9rie Kabor\u00e9 a \u00e9galement indiqu\u00e9 qu\u2019elle est venue \u00e0 la t\u00eate d\u2019un d\u00e9partement dont les fondations solides sont le r\u00e9sultat de labeur des hommes et femmes qui l\u2019ont pr\u00e9c\u00e9d\u00e9e \u00e0 ce poste. Ainsi, elle a pris l\u2019engagement de s\u2019inscrire dans la dynamique de solidification des acquis du minist\u00e8re en charge de la communication et de la culture. De l\u2019 avis du ministre , il n\u2019y a pas de victoire solitaire. C\u2019est pourquoi elle a appel\u00e9 tous les travailleurs du d\u00e9partement \u00e0 l\u2019accompagner pour la r\u00e9ussite de sa mission.<\/p>\n<p style=\"text-align: right\"><strong> Evariste YODA <\/strong><\/p>\n<p>L\u2019article <a rel=\"nofollow\" href=\"https:\/\/www.sidwaya.info\/blog\/2022\/03\/10\/ministere-en-charge-de-la-communication-valerie-kabore-prend-les-renes\/\">Minist\u00e8re en charge de la Communication :  Val\u00e9rie Kabor\u00e9 prend  les r\u00eanes<\/a> est apparu en premier sur <a rel=\"nofollow\" href=\"https:\/\/www.sidwaya.info\/\">Quotidien Sidwaya<\/a>.<\/p>\n<\/div>\n<p>Auteur: JK. Sidwaya<br \/>\n<a href=\"https:\/\/www.sidwaya.info\/blog\/2022\/03\/10\/ministere-en-charge-de-la-communication-valerie-kabore-prend-les-renes\/?utm_source=rss&#038;utm_medium=rss&#038;utm_campaign=ministere-en-charge-de-la-communication-valerie-kabore-prend-les-renes\">Cliquez ici pour lire l&rsquo;article depuis sa source.<\/a><\/p>\n","protected":false},"excerpt":{"rendered":"<p>Le nouveau ministre de la Communication, de la Culture, des Arts et du Tourisme, Val\u00e9rie Kabor\u00e9 a pris service, le jeudi 10 mars 2022 \u00e0 Ouagadougou. Le Secr\u00e9taire g\u00e9n\u00e9ral (SG) du gouvernement et du conseil des ministres, Jacques Sosth\u00e8ne Dingara a install\u00e9, le jeudi 10 mars 2022 \u00e0 Ouagadougou, le nouveau ministre de la Communication, [&hellip;]<\/p>\n","protected":false},"author":1816,"featured_media":0,"comment_status":"closed","ping_status":"closed","sticky":false,"template":"","format":"standard","meta":{"fifu_image_url":"","fifu_image_alt":"","footnotes":""},"categories":[73,81],"tags":[],"class_list":["post-142821","post","type-post","status-publish","format-standard","hentry","category-actualite","category-burkina-faso"],"_links":{"self":[{"href":"https:\/\/linitiative.ca\/International\/wp-json\/wp\/v2\/posts\/142821","targetHints":{"allow":["GET"]}}],"collection":[{"href":"https:\/\/linitiative.ca\/International\/wp-json\/wp\/v2\/posts"}],"about":[{"href":"https:\/\/linitiative.ca\/International\/wp-json\/wp\/v2\/types\/post"}],"author":[{"embeddable":true,"href":"https:\/\/linitiative.ca\/International\/wp-json\/wp\/v2\/users\/1816"}],"replies":[{"embeddable":true,"href":"https:\/\/linitiative.ca\/International\/wp-json\/wp\/v2\/comments?post=142821"}],"version-history":[{"count":0,"href":"https:\/\/linitiative.ca\/International\/wp-json\/wp\/v2\/posts\/142821\/revisions"}],"wp:attachment":[{"href":"https:\/\/linitiative.ca\/International\/wp-json\/wp\/v2\/media?parent=142821"}],"wp:term":[{"taxonomy":"category","embeddable":true,"href":"https:\/\/linitiative.ca\/International\/wp-json\/wp\/v2\/categories?post=142821"},{"taxonomy":"post_tag","embeddable":true,"href":"https:\/\/linitiative.ca\/International\/wp-json\/wp\/v2\/tags?post=142821"}],"curies":[{"name":"wp","href":"https:\/\/api.w.org\/{rel}","templated":true}]}}