{"id":142823,"date":"2022-03-10T17:40:58","date_gmt":"2022-03-10T22:40:58","guid":{"rendered":"https:\/\/linitiative.ca\/International\/reduction-des-inegalites-sociales-le-cera-fp-appelle-a-corriger-les-injustices-fiscales\/"},"modified":"2022-03-10T17:40:58","modified_gmt":"2022-03-10T22:40:58","slug":"reduction-des-inegalites-sociales-le-cera-fp-appelle-a-corriger-les-injustices-fiscales","status":"publish","type":"post","link":"https:\/\/linitiative.ca\/International\/reduction-des-inegalites-sociales-le-cera-fp-appelle-a-corriger-les-injustices-fiscales\/","title":{"rendered":"R\u00e9duction des in\u00e9galit\u00e9s sociales : le CERA-FP appelle \u00e0 corriger les injustices  fiscales"},"content":{"rendered":"<div>\n<p><strong>Centre d\u2019\u00e9tudes et de recherches appliqu\u00e9es en finances publiques (CERA-FP) a anim\u00e9 un point de presse sur l\u2019\u00e9quit\u00e9 du syst\u00e8me fiscal burkinab\u00e8, le jeudi 24 f\u00e9vrier 2022, \u00e0 Ouagadougou. <\/strong><\/p>\n<p>Le syst\u00e8me fiscal burkinab\u00e8 comporte des injustices qu\u2019il convient de corriger pour plus d\u2019\u00e9quit\u00e9. Telle est la conviction du Centre d\u2019\u00e9tudes et de recherches appliqu\u00e9es en finances publiques (CERA-FP). Une position que cette organisation de la soci\u00e9t\u00e9 civile a partag\u00e9e avec les hommes et les femmes de m\u00e9dias lors d\u2019un point de presse, le jeudi 24 f\u00e9vrier 2022, \u00e0 Ouagadougou. Selon le secr\u00e9taire ex\u00e9cutif du CERA-FP, Herman Doanio, ces \u00e9changes avec la presse visent \u00e0 interpeller les autorit\u00e9s sur la n\u00e9cessit\u00e9 de mettre en place une fiscalit\u00e9 juste fond\u00e9e sur les capacit\u00e9s contributives de chaque citoyen. Cela passe par une fiscalit\u00e9 progressive qui fait appel \u00e0 des modes de calcul de l\u2019imp\u00f4t d\u00fb par les contribuables proportionnellement \u00e0 leurs revenus ou \u00e0 leurs trains de vie (gros revenus, consommateur de produits de luxes).<\/p>\n<p>\u00ab Elle r\u00e9pond \u00e0 un but de justice sociale et de redistribution de richesses nationales entre les plus d\u00e9munis et les plus riches permettant d\u2019atteindre l\u2019\u00e9quit\u00e9 verticale ; c\u2019est-\u00e0-dire de r\u00e9duire les \u00e9carts de revenus entre les individus \u00bb, a expliqu\u00e9 M. Doanio. Pour lui, le syst\u00e8me fiscal burkinab\u00e9 est porteur d\u2019\u00e9normes sources d\u2019in\u00e9galit\u00e9s. Ces injustices sociales et fiscales r\u00e9sident d\u2019une part dans la politique d\u2019exon\u00e9ration fiscale ; et d\u2019autre part dans la taxation indirecte sur la consommation qui est plus r\u00e9gressive et in\u00e9quitable, \u00e9tant donn\u00e9 que les taxes\/imp\u00f4ts sont lev\u00e9s sans tenir compte du montant de la recette, du niveau de revenus ou de la capacit\u00e9 \u00e0 payer des contribuables, a-t-il ajout\u00e9.<\/p>\n<h2><strong>Un imp\u00f4t sur la fortune<\/strong><\/h2>\n<p>Selon le CERA-FP, le Burkina Faso perd chaque ann\u00e9e des dizaines de milliards de F CFA, du fait des avantages fiscaux accord\u00e9s aux entreprises priv\u00e9es, sans que les r\u00e9sultats attendus de ces all\u00e8gements fiscaux en termes de cr\u00e9ation d\u2019emplois par exemple soient tangibles.<\/p>\n<p>A titre illustratif, les exon\u00e9rations fiscales aux recettes fiscales plus de 76 milliards F CFA en 2019 et plus de 110 milliards F CFA en 2020, a indiqu\u00e9 le secr\u00e9taire ex\u00e9cutif du CERA-FP. Ces pertes de recettes, pour la seule ann\u00e9e de 2020, aurait permis de r\u00e9aliser une route de 300 km co\u00fbtant 90 milliards F CFA, 500 \u00e9coles de 3 classes valant 11 milliards F CFA, 300 forages pour un co\u00fbt total de 2,4 milliards F CFA, d\u2019acqu\u00e9rir 100 ambulances d\u2019une valeur de 2,4 milliards F CFA, a-t-il simul\u00e9. Pour plus de justice fiscale, le CERA-FP recommande au gouvernement de trouver un \u00e9quilibre entre les trois r\u00f4les de l\u2019imp\u00f4t en revoyant la coh\u00e9rence des politiques, d\u2019utiliser le fichier des personnes indigentes pour l\u2019octroi des avantages fiscaux dans le cadre de la protection sociale ; d\u2019exon\u00e9rer les revenus des pauvres et vuln\u00e9rables pour les premi\u00e8res tranches de 0 \u00e0 100 000 FCFA ou \u00e0 la limite appliquer \u00e0 des taux r\u00e9duits de moiti\u00e9 (50%). Il invite \u00e9galement les autorit\u00e9s \u00e0 instituer un imp\u00f4t sur la fortune, d\u00e9finir des taux de TVA progressifs en fonction des biens consomm\u00e9s (biens de luxe et biens vitaux), rationnaliser les d\u00e9penses fiscales, \u00e9valuer r\u00e9guli\u00e8rement l\u2019impact socio\u00e9conomiques des d\u00e9penses fiscales et \u00e0 s\u2019assurer que les multinationales paient leur juste part d\u2019imp\u00f4t par le renforcement des politiques de lutte contre l\u2019\u00e9vasion fiscale, des dispositions l\u00e9gislatives relatives aux prix de transfert et des sanctions contre les paradis fiscaux.<\/p>\n<p style=\"text-align: right\"><strong>Synth\u00e8se de Mahamadi SEBOGO <\/strong><\/p>\n<p style=\"text-align: right\"><strong>Windmad76@gmail.com<\/strong><\/p>\n<p>L\u2019article <a rel=\"nofollow\" href=\"https:\/\/www.sidwaya.info\/blog\/2022\/03\/10\/reduction-des-inegalites-sociales-le-cera-fp-appelle-a-corriger-les-injustices-fiscales\/\">R\u00e9duction des in\u00e9galit\u00e9s sociales : le CERA-FP appelle \u00e0 corriger les injustices  fiscales<\/a> est apparu en premier sur <a rel=\"nofollow\" href=\"https:\/\/www.sidwaya.info\/\">Quotidien Sidwaya<\/a>.<\/p>\n<\/div>\n<p>Auteur: JK. Sidwaya<br \/>\n<a href=\"https:\/\/www.sidwaya.info\/blog\/2022\/03\/10\/reduction-des-inegalites-sociales-le-cera-fp-appelle-a-corriger-les-injustices-fiscales\/?utm_source=rss&#038;utm_medium=rss&#038;utm_campaign=reduction-des-inegalites-sociales-le-cera-fp-appelle-a-corriger-les-injustices-fiscales\">Cliquez ici pour lire l&rsquo;article depuis sa source.<\/a><\/p>\n","protected":false},"excerpt":{"rendered":"<p>Centre d\u2019\u00e9tudes et de recherches appliqu\u00e9es en finances publiques (CERA-FP) a anim\u00e9 un point de presse sur l\u2019\u00e9quit\u00e9 du syst\u00e8me fiscal burkinab\u00e8, le jeudi 24 f\u00e9vrier 2022, \u00e0 Ouagadougou. Le syst\u00e8me fiscal burkinab\u00e8 comporte des injustices qu\u2019il convient de corriger pour plus d\u2019\u00e9quit\u00e9. Telle est la conviction du Centre d\u2019\u00e9tudes et de recherches appliqu\u00e9es en [&hellip;]<\/p>\n","protected":false},"author":1816,"featured_media":0,"comment_status":"closed","ping_status":"closed","sticky":false,"template":"","format":"standard","meta":{"fifu_image_url":"","fifu_image_alt":"","footnotes":""},"categories":[73,81],"tags":[],"class_list":["post-142823","post","type-post","status-publish","format-standard","hentry","category-actualite","category-burkina-faso"],"_links":{"self":[{"href":"https:\/\/linitiative.ca\/International\/wp-json\/wp\/v2\/posts\/142823","targetHints":{"allow":["GET"]}}],"collection":[{"href":"https:\/\/linitiative.ca\/International\/wp-json\/wp\/v2\/posts"}],"about":[{"href":"https:\/\/linitiative.ca\/International\/wp-json\/wp\/v2\/types\/post"}],"author":[{"embeddable":true,"href":"https:\/\/linitiative.ca\/International\/wp-json\/wp\/v2\/users\/1816"}],"replies":[{"embeddable":true,"href":"https:\/\/linitiative.ca\/International\/wp-json\/wp\/v2\/comments?post=142823"}],"version-history":[{"count":0,"href":"https:\/\/linitiative.ca\/International\/wp-json\/wp\/v2\/posts\/142823\/revisions"}],"wp:attachment":[{"href":"https:\/\/linitiative.ca\/International\/wp-json\/wp\/v2\/media?parent=142823"}],"wp:term":[{"taxonomy":"category","embeddable":true,"href":"https:\/\/linitiative.ca\/International\/wp-json\/wp\/v2\/categories?post=142823"},{"taxonomy":"post_tag","embeddable":true,"href":"https:\/\/linitiative.ca\/International\/wp-json\/wp\/v2\/tags?post=142823"}],"curies":[{"name":"wp","href":"https:\/\/api.w.org\/{rel}","templated":true}]}}