{"id":142824,"date":"2022-03-10T10:00:20","date_gmt":"2022-03-10T15:00:20","guid":{"rendered":"https:\/\/linitiative.ca\/International\/cameroun-le-tout-1er-secretaire-permanent-de-lobservatoire-national-de-la-jeunesse-prend-fonction\/"},"modified":"2022-03-10T10:00:20","modified_gmt":"2022-03-10T15:00:20","slug":"cameroun-le-tout-1er-secretaire-permanent-de-lobservatoire-national-de-la-jeunesse-prend-fonction","status":"publish","type":"post","link":"https:\/\/linitiative.ca\/International\/cameroun-le-tout-1er-secretaire-permanent-de-lobservatoire-national-de-la-jeunesse-prend-fonction\/","title":{"rendered":"Cameroun : le tout 1er secr\u00e9taire permanent de l\u2019Observatoire national de la jeunesse prend fonction"},"content":{"rendered":"<div>\n<p><img decoding=\"async\" width=\"1024\" height=\"512\" src=\"https:\/\/linitiative.ca\/International\/wp-content\/uploads\/sites\/23\/2022\/03\/ONJ.jpg\" class=\"attachment-post-thumbnail size-post-thumbnail wp-post-image\" alt=\"Le premier secr\u00e9taire permanent de l\u2019ONJ du Cameroun a \u00e9t\u00e9 install\u00e9\" loading=\"lazy\" srcset=\"https:\/\/linitiative.ca\/International\/wp-content\/uploads\/sites\/23\/2022\/03\/ONJ.jpg 1024w, https:\/\/www.journalducameroun.com\/wp-content\/uploads\/2022\/03\/ONJ-300x150.jpg 300w, https:\/\/www.journalducameroun.com\/wp-content\/uploads\/2022\/03\/ONJ-768x384.jpg 768w, https:\/\/www.journalducameroun.com\/wp-content\/uploads\/2022\/03\/ONJ-880x440.jpg 880w, https:\/\/www.journalducameroun.com\/wp-content\/uploads\/2022\/03\/ONJ-600x300.jpg 600w\" sizes=\"auto, (max-width: 1024px) 100vw, 1024px\"><\/p>\n<h2 style=\"text-align: justify;\">Pierre Dominique Armand Mveme Atangana, premier secr\u00e9taire permanent de l\u2019Observatoire national de la jeunesse (Onj), a officiellement \u00e9t\u00e9 install\u00e9 mercredi 09 mars 2022.<\/h2>\n<p style=\"text-align: justify;\">A 47 ans, le tout premier secr\u00e9taire permanent de l\u2019<strong>Onj<\/strong> vient de prendre officiellement ses fonctions. C\u2019\u00e9tait au cours d\u2019une c\u00e9r\u00e9monie pr\u00e9sid\u00e9e par le ministre de la Jeunesse et de l\u2019Education civique Mounouna Foutsou. Pierre Dominique Mveme Atangana va \u00eatre pionnier de l\u2019Onj qui a b\u00e9n\u00e9fici\u00e9 d\u2019un nouveau statut \u00e0 la faveur d\u2019un arr\u00eat\u00e9 portant cr\u00e9ation, organisation et fonctionnement de la structure le 18 f\u00e9vrier 2022.<\/p>\n<p style=\"text-align: justify;\">L\u2019<strong>Observatoire\u00a0 national de la <\/strong>jeunesse est un service rattach\u00e9 du minist\u00e8re de la Jeunesse et de l\u2019Education civique. La structure r\u00e9sulte de la volont\u00e9 de vulgariser les opportunit\u00e9s offertes aux <strong>jeunes<\/strong> dans sur les programmes et les projets mis sur pied par le gouvernement et\u00a0 les partenaires.<\/p>\n<p style=\"text-align: justify;\">Elle a pour mission principale de mettre en \u0153uvre les recommandations qu\u2019elle re\u00e7oit en mati\u00e8re de jeunesse. Elle applique les instructions provenant du Comit\u00e9 de pilotage qui en est l\u2019instance d\u2019orientation de supervision, de coordination.<\/p>\n<p style=\"text-align: justify;\">Armand Mveme Atangana est mari\u00e9 et p\u00e8re d\u2019enfants. Ayant offici\u00e9 en qualit\u00e9 de coordonnateur national du projet de mise en \u0153uvre d\u2019un Observatoire national de la jeunesse au sein du centre multifonctionnel de promotion des jeunes, il mesure la t\u00e2che qui lui est confi\u00e9e.<\/p>\n<p style=\"text-align: justify;\">Il s\u2019agit de \u00ab\u00a0<em>la mise en \u0153uvre efficace de la <strong>Carte jeune biom\u00e9trique<\/strong>. Nous avons\u00a0 re\u00e7u instruction de tout faire pour que le maximum de jeunes puisse l\u2019obtenir, nous assurer que chaque jeune camerounais est inscrit \u00e0 la base \u00e0 l\u2019Observatoire national de la jeunesse\u00a0; de densifier les partenariats et de nous ouvrir \u00e0 l\u2019ensemble acteurs qui travaillent avec le gouvernement sur les questions de jeunesse\u00a0<\/em>\u00bb, pr\u00e9cise le secr\u00e9taire permanent de l\u2019Onj.<\/p>\n<p>Cet article <a rel=\"nofollow\" href=\"https:\/\/www.journalducameroun.com\/cameroun-le-tout-1er-secretaire-permanent-de-lobservatoire-national-de-la-jeunesse-prend-fonction\/\">Cameroun : le tout 1er secr\u00e9taire permanent de l\u2019Observatoire national de la jeunesse prend fonction<\/a> est apparu en premier sur <a rel=\"nofollow\" href=\"https:\/\/www.journalducameroun.com\/\">Journal du Cameroun<\/a>.<\/p>\n<\/div>\n<p>Auteur: Arnaud MAWEL<br \/>\n<a href=\"https:\/\/www.journalducameroun.com\/cameroun-le-tout-1er-secretaire-permanent-de-lobservatoire-national-de-la-jeunesse-prend-fonction\/\">Cliquez ici pour lire l&rsquo;article depuis sa source.<\/a><\/p>\n","protected":false},"excerpt":{"rendered":"<p>Pierre Dominique Armand Mveme Atangana, premier secr\u00e9taire permanent de l\u2019Observatoire national de la jeunesse (Onj), a officiellement \u00e9t\u00e9 install\u00e9 mercredi 09 mars 2022. A 47 ans, le tout premier secr\u00e9taire permanent de l\u2019Onj vient de prendre officiellement ses fonctions. C\u2019\u00e9tait au cours d\u2019une c\u00e9r\u00e9monie pr\u00e9sid\u00e9e par le ministre de la Jeunesse et de l\u2019Education civique [&hellip;]<\/p>\n","protected":false},"author":1965,"featured_media":0,"comment_status":"closed","ping_status":"closed","sticky":false,"template":"","format":"standard","meta":{"fifu_image_url":"https:\/\/www.journalducameroun.com\/wp-content\/uploads\/2022\/03\/ONJ.jpg","fifu_image_alt":"Cameroun : le tout 1er secr\u00e9taire permanent de l\u2019Observatoire national de la jeunesse prend fonction","footnotes":""},"categories":[73,82],"tags":[],"class_list":["post-142824","post","type-post","status-publish","format-standard","hentry","category-actualite","category-cameroun"],"_links":{"self":[{"href":"https:\/\/linitiative.ca\/International\/wp-json\/wp\/v2\/posts\/142824","targetHints":{"allow":["GET"]}}],"collection":[{"href":"https:\/\/linitiative.ca\/International\/wp-json\/wp\/v2\/posts"}],"about":[{"href":"https:\/\/linitiative.ca\/International\/wp-json\/wp\/v2\/types\/post"}],"author":[{"embeddable":true,"href":"https:\/\/linitiative.ca\/International\/wp-json\/wp\/v2\/users\/1965"}],"replies":[{"embeddable":true,"href":"https:\/\/linitiative.ca\/International\/wp-json\/wp\/v2\/comments?post=142824"}],"version-history":[{"count":0,"href":"https:\/\/linitiative.ca\/International\/wp-json\/wp\/v2\/posts\/142824\/revisions"}],"wp:attachment":[{"href":"https:\/\/linitiative.ca\/International\/wp-json\/wp\/v2\/media?parent=142824"}],"wp:term":[{"taxonomy":"category","embeddable":true,"href":"https:\/\/linitiative.ca\/International\/wp-json\/wp\/v2\/categories?post=142824"},{"taxonomy":"post_tag","embeddable":true,"href":"https:\/\/linitiative.ca\/International\/wp-json\/wp\/v2\/tags?post=142824"}],"curies":[{"name":"wp","href":"https:\/\/api.w.org\/{rel}","templated":true}]}}