{"id":142826,"date":"2022-03-10T11:18:03","date_gmt":"2022-03-10T16:18:03","guid":{"rendered":"https:\/\/linitiative.ca\/International\/le-senegal-lance-sa-strategie-de-developpement-sobre-en-carbone\/"},"modified":"2022-03-10T11:18:03","modified_gmt":"2022-03-10T16:18:03","slug":"le-senegal-lance-sa-strategie-de-developpement-sobre-en-carbone","status":"publish","type":"post","link":"https:\/\/linitiative.ca\/International\/le-senegal-lance-sa-strategie-de-developpement-sobre-en-carbone\/","title":{"rendered":"Le S\u00e9n\u00e9gal lance sa strat\u00e9gie de d\u00e9veloppement sobre en carbone"},"content":{"rendered":"<div>\n<p><img decoding=\"async\" width=\"2048\" height=\"1536\" src=\"https:\/\/linitiative.ca\/International\/wp-content\/uploads\/sites\/23\/2022\/03\/16469290846733.jpg\" class=\"attachment-post-thumbnail size-post-thumbnail wp-post-image\" alt=\"\" loading=\"lazy\" srcset=\"https:\/\/linitiative.ca\/International\/wp-content\/uploads\/sites\/23\/2022\/03\/16469290846733.jpg 2048w, https:\/\/www.journalducameroun.com\/wp-content\/uploads\/2022\/03\/16469290846733-300x225.jpg 300w, https:\/\/www.journalducameroun.com\/wp-content\/uploads\/2022\/03\/16469290846733-1024x768.jpg 1024w, https:\/\/www.journalducameroun.com\/wp-content\/uploads\/2022\/03\/16469290846733-768x576.jpg 768w, https:\/\/www.journalducameroun.com\/wp-content\/uploads\/2022\/03\/16469290846733-1536x1152.jpg 1536w, https:\/\/www.journalducameroun.com\/wp-content\/uploads\/2022\/03\/16469290846733-587x440.jpg 587w, https:\/\/www.journalducameroun.com\/wp-content\/uploads\/2022\/03\/16469290846733-600x450.jpg 600w\" sizes=\"auto, (max-width: 2048px) 100vw, 2048px\"><\/p>\n<p>L&rsquo;initiative vise \u00e0 r\u00e9duire substantiellement les \u00e9missions de gaz \u00e0 effet de serre (GES).En perspective de l&rsquo;exploitation de son gaz et de son p\u00e9trole, le S\u00e9n\u00e9gal veut minimiser les effets n\u00e9fastes sur l&rsquo;environnement. Pour ce faire, le pays a lanc\u00e9, ce jeudi \u00e0 Dakar, l&rsquo;Initiative de co-construction d&rsquo;une strat\u00e9gie de d\u00e9veloppement sobre en carbone et r\u00e9silient aux changements climatiques.<\/p>\n<p>\u00ab Pour atteindre les objectifs conditionnelles de r\u00e9duction des \u00e9missions de gaz \u00e0 effet de serre (GES) \u00e0 30 % \u00e0 l&rsquo;horizon 2030 par rapport \u00e0 la situation de r\u00e9f\u00e9rence (Contribution nationale d\u00e9termin\u00e9e, CDN 2020) et guider les d\u00e9cisions de court-terme en fonction des exigences de long-terme en mati\u00e8re de d\u00e9veloppement et de r\u00e9duction d&rsquo;\u00e9missions de carbone, il s&rsquo;av\u00e8re n\u00e9cessaire de conduire des processus de r\u00e9flexion prospective afin de r\u00e9pondre aux multiples enjeux de la transition \u00e9nerg\u00e9tique dans le contexte de l&rsquo;exploitation imminente des ressources p\u00e9troli\u00e8res et gazi\u00e8res \u00bb, a expliqu\u00e9 S\u00e9cou Sarr, directeur ex\u00e9cutif de l&rsquo;ONG Enda Energie.<\/p>\n<p>Sa structure et l&rsquo;Institut du D\u00e9veloppement Durable et des Relations Internationales (IDDRI) vont coordonner l&rsquo;Initiative financ\u00e9e par l&rsquo;Agence fran\u00e7aise de d\u00e9veloppement (AFP) \u00e0 travers sa Facilit\u00e9 2050 pour une dur\u00e9e de trois ans.<\/p>\n<p>Elle est bas\u00e9e sur le triptyque : r\u00e9silience climatique-d\u00e9veloppement durable- sobri\u00e9t\u00e9 carbone. Pour ses initiateurs, l&rsquo;analyse constructive et l&rsquo;int\u00e9gration harmonieuse des enjeux de la transition agro \u00e9cologique, urbaine, infrastructurelle et industrielle demeurent des leviers non n\u00e9gligeables pour assurer une mise en \u0153uvre des transformations structurelles durables, sobre en carbone et r\u00e9silientes aux changements climatiques.<\/p>\n<p>Ce processus de co-construction du S\u00e9n\u00e9gal s&rsquo;inscrit dans une initiative plus large en Afrique en cours d&rsquo;ex\u00e9cution notamment au Nig\u00e9ria et en Afrique du Sud.<\/p>\n<p>Pour Adama Diallo, Secr\u00e9taire g\u00e9n\u00e9ral du minist\u00e8re s\u00e9n\u00e9galais du P\u00e9trole et des Energies, en droite ligne avec la mise en \u0153uvre de l&rsquo;Accord de Paris, l&rsquo;Initiative va aider le S\u00e9n\u00e9gal \u00e0 mettre en place un processus de co-construction d&rsquo;une strat\u00e9gie de d\u00e9veloppement \u00e0 long terme \u00e0 faible \u00e9missions de carbone et r\u00e9silient aux changements climatiques \u00e0 travers une \u00e9quipe pluridisciplinaire.<\/p>\n<p>La mise en \u0153uvre de ladite initiative s&rsquo;appuiera sur un pool de cinq ambassadeurs choisis pour leur leadership et leur capacit\u00e9 d&rsquo;orientation strat\u00e9gique et sur cinq groupes th\u00e9matiques ax\u00e9s autour des quatre piliers transformationnels syst\u00e9miques cibl\u00e9s. Il s&rsquo;agit de la transition \u00e9nerg\u00e9tique, la transition agricole &amp; l&rsquo;usage des sols et de l&rsquo;eau, la transition urbaine et infrastructurelle et la transition industrielle et d&rsquo;un axe transversal portant sur les changements climatiques et les Objectifs de D\u00e9veloppement Durable (ODD), a renseign\u00e9 Baba Dram\u00e9, directeur de l&rsquo;environnement et des \u00e9tablissements class\u00e9s au minist\u00e8re de l&rsquo;Environnement et du D\u00e9veloppement durable.<\/p>\n<p>Cet article <a rel=\"nofollow\" href=\"https:\/\/www.journalducameroun.com\/le-senegal-lance-sa-strategie-de-developpement-sobre-en-carbone\/\">Le S\u00e9n\u00e9gal lance sa strat\u00e9gie de d\u00e9veloppement sobre en carbone<\/a> est apparu en premier sur <a rel=\"nofollow\" href=\"https:\/\/www.journalducameroun.com\/\">Journal du Cameroun<\/a>.<\/p>\n<\/div>\n<p>Auteur: APA News<br \/>\n<a href=\"https:\/\/www.journalducameroun.com\/le-senegal-lance-sa-strategie-de-developpement-sobre-en-carbone\/\">Cliquez ici pour lire l&rsquo;article depuis sa source.<\/a><\/p>\n","protected":false},"excerpt":{"rendered":"<p>L&rsquo;initiative vise \u00e0 r\u00e9duire substantiellement les \u00e9missions de gaz \u00e0 effet de serre (GES).En perspective de l&rsquo;exploitation de son gaz et de son p\u00e9trole, le S\u00e9n\u00e9gal veut minimiser les effets n\u00e9fastes sur l&rsquo;environnement. Pour ce faire, le pays a lanc\u00e9, ce jeudi \u00e0 Dakar, l&rsquo;Initiative de co-construction d&rsquo;une strat\u00e9gie de d\u00e9veloppement sobre en carbone et [&hellip;]<\/p>\n","protected":false},"author":1965,"featured_media":0,"comment_status":"closed","ping_status":"closed","sticky":false,"template":"","format":"standard","meta":{"fifu_image_url":"https:\/\/www.journalducameroun.com\/wp-content\/uploads\/2022\/03\/16469290846733.jpg","fifu_image_alt":"Le S\u00e9n\u00e9gal lance sa strat\u00e9gie de d\u00e9veloppement sobre en carbone","footnotes":""},"categories":[73,82],"tags":[],"class_list":["post-142826","post","type-post","status-publish","format-standard","hentry","category-actualite","category-cameroun"],"_links":{"self":[{"href":"https:\/\/linitiative.ca\/International\/wp-json\/wp\/v2\/posts\/142826","targetHints":{"allow":["GET"]}}],"collection":[{"href":"https:\/\/linitiative.ca\/International\/wp-json\/wp\/v2\/posts"}],"about":[{"href":"https:\/\/linitiative.ca\/International\/wp-json\/wp\/v2\/types\/post"}],"author":[{"embeddable":true,"href":"https:\/\/linitiative.ca\/International\/wp-json\/wp\/v2\/users\/1965"}],"replies":[{"embeddable":true,"href":"https:\/\/linitiative.ca\/International\/wp-json\/wp\/v2\/comments?post=142826"}],"version-history":[{"count":0,"href":"https:\/\/linitiative.ca\/International\/wp-json\/wp\/v2\/posts\/142826\/revisions"}],"wp:attachment":[{"href":"https:\/\/linitiative.ca\/International\/wp-json\/wp\/v2\/media?parent=142826"}],"wp:term":[{"taxonomy":"category","embeddable":true,"href":"https:\/\/linitiative.ca\/International\/wp-json\/wp\/v2\/categories?post=142826"},{"taxonomy":"post_tag","embeddable":true,"href":"https:\/\/linitiative.ca\/International\/wp-json\/wp\/v2\/tags?post=142826"}],"curies":[{"name":"wp","href":"https:\/\/api.w.org\/{rel}","templated":true}]}}