{"id":142828,"date":"2022-03-10T12:18:03","date_gmt":"2022-03-10T17:18:03","guid":{"rendered":"https:\/\/linitiative.ca\/International\/senegal-lencadrement-des-jeunes-gage-dun-emploi-decent-etude\/"},"modified":"2022-03-10T12:18:03","modified_gmt":"2022-03-10T17:18:03","slug":"senegal-lencadrement-des-jeunes-gage-dun-emploi-decent-etude","status":"publish","type":"post","link":"https:\/\/linitiative.ca\/International\/senegal-lencadrement-des-jeunes-gage-dun-emploi-decent-etude\/","title":{"rendered":"S\u00e9n\u00e9gal : l\u2019encadrement des jeunes, gage d\u2019un emploi d\u00e9cent (\u00e9tude)"},"content":{"rendered":"<div>\n<p><img decoding=\"async\" width=\"800\" height=\"493\" src=\"https:\/\/linitiative.ca\/International\/wp-content\/uploads\/sites\/23\/2022\/03\/16469326835573.jpg\" class=\"attachment-post-thumbnail size-post-thumbnail wp-post-image\" alt=\"\" loading=\"lazy\" srcset=\"https:\/\/linitiative.ca\/International\/wp-content\/uploads\/sites\/23\/2022\/03\/16469326835573.jpg 800w, https:\/\/www.journalducameroun.com\/wp-content\/uploads\/2022\/03\/16469326835573-300x185.jpg 300w, https:\/\/www.journalducameroun.com\/wp-content\/uploads\/2022\/03\/16469326835573-768x473.jpg 768w, https:\/\/www.journalducameroun.com\/wp-content\/uploads\/2022\/03\/16469326835573-714x440.jpg 714w, https:\/\/www.journalducameroun.com\/wp-content\/uploads\/2022\/03\/16469326835573-600x370.jpg 600w\" sizes=\"auto, (max-width: 800px) 100vw, 800px\"><\/p>\n<p>Les programmes mis en \u0153uvre par la Convention nationale Etat-Employeur pour promouvoir l&#8217;emploi des jeunes permettent aux b\u00e9n\u00e9ficiaires d&rsquo;acc\u00e9der \u00e0 un emploi de meilleure qualit\u00e9.Le constat est sans \u00e9quivoque. Les r\u00e9sultats d&rsquo;une \u00e9tude men\u00e9e au S\u00e9n\u00e9gal par le Consortium pour la recherche \u00e9conomique et sociale (Cres) montrent que les jeunes ayant b\u00e9n\u00e9fici\u00e9 des programmes de formation et d&#8217;emploi r\u00e9ussissent mieux leur entr\u00e9e dans la vie professionnelle.<\/p>\n<p>Selon les conclusions de ce travail, pr\u00e9sent\u00e9es ce jeudi \u00e0 Dakar au cours d&rsquo;un atelier, cette observation se v\u00e9rifie notamment dans le secteur industriel et celui des services. Pour les chercheurs, ces deux domaines seront, \u00e0 l&rsquo;avenir, les principaux pourvoyeurs d&#8217;emplois de qualit\u00e9.<\/p>\n<p>Par ailleurs, l&rsquo;\u00e9tude prouve que le \u00ab contrat de solidarit\u00e9 \u00bb, un programme de stage p\u00e9dagogique dans les \u00e9tablissements d&rsquo;enseignement priv\u00e9, permet aux jeunes d&rsquo;avoir 4 \u00e0 6 % plus de chance d&rsquo;acc\u00e9der \u00e0 des emplois d\u00e9cents dans le secteur des services compar\u00e9s \u00e0 ceux qui n&rsquo;ont pas subi ladite formation.<\/p>\n<p>De m\u00eame, le \u00ab stage d&rsquo;apprentissage \u00bb, qui se fait en alternance entre l&rsquo;entreprise et le centre de formation, offre aux b\u00e9n\u00e9ficiaires 4,5 % \u00e0 7,2 % plus de chance de d\u00e9crocher un bon emploi dans les m\u00eames secteurs.<\/p>\n<p>En outre, souligne le rapport, le \u00ab stage d&rsquo;adaptation \u00bb, visant l&rsquo;acquisition d&rsquo;exp\u00e9rience professionnelle, augmente de 4,8 % \u00e0 7,2 % les chances des b\u00e9n\u00e9ficiaires d&rsquo;acc\u00e9der \u00e0 un meilleur emploi par rapport aux non-b\u00e9n\u00e9ficiaires.<\/p>\n<p>Quant au \u00ab stage d&rsquo;incubation \u00bb, il participe, d&rsquo;apr\u00e8s la recherche, \u00e0 l&rsquo;encadrement, l&rsquo;assistance et au parrainage des jeunes en poste d&rsquo;agent de ma\u00eetrise. Cette pratique booste de 4 % \u00e0 7,2 % les possibilit\u00e9s des b\u00e9n\u00e9ficiaires d&rsquo;acc\u00e9der \u00e0 un emploi de meilleure qualit\u00e9.<\/p>\n<p>Enfin, note l&rsquo;\u00e9tude, le \u00ab contrat d&rsquo;essaimage \u00bb, qui \u0153uvre pour la formation et l&rsquo;orientation des individus pour la cr\u00e9ation d&rsquo;entreprises, cro\u00eet les chances de succ\u00e8s dans la cr\u00e9ation pour les jeunes b\u00e9n\u00e9ficiaires dudit programme.<\/p>\n<p>Partant de ces constats, les auteurs de l&rsquo;\u00e9tude exhortent les autorit\u00e9s \u00e0 mener plusieurs actions pour r\u00e9pondre \u00e0 la demande des milliers de jeunes qui rejoignent chaque ann\u00e9e le march\u00e9 du travail. Parmi ces recommandations figurent entre autres le d\u00e9veloppement de politiques de promotion de l&#8217;emploi orient\u00e9es vers les secteurs de croissance et le renforcement de la collaboration entre l&rsquo;\u00c9tat et le secteur priv\u00e9.<\/p>\n<p>Cet article <a rel=\"nofollow\" href=\"https:\/\/www.journalducameroun.com\/senegal-lencadrement-des-jeunes-gage-dun-emploi-decent-etude\/\">S\u00e9n\u00e9gal : l\u2019encadrement des jeunes, gage d\u2019un emploi d\u00e9cent (\u00e9tude)<\/a> est apparu en premier sur <a rel=\"nofollow\" href=\"https:\/\/www.journalducameroun.com\/\">Journal du Cameroun<\/a>.<\/p>\n<\/div>\n<p>Auteur: APA News<br \/>\n<a href=\"https:\/\/www.journalducameroun.com\/senegal-lencadrement-des-jeunes-gage-dun-emploi-decent-etude\/\">Cliquez ici pour lire l&rsquo;article depuis sa source.<\/a><\/p>\n","protected":false},"excerpt":{"rendered":"<p>Les programmes mis en \u0153uvre par la Convention nationale Etat-Employeur pour promouvoir l&#8217;emploi des jeunes permettent aux b\u00e9n\u00e9ficiaires d&rsquo;acc\u00e9der \u00e0 un emploi de meilleure qualit\u00e9.Le constat est sans \u00e9quivoque. Les r\u00e9sultats d&rsquo;une \u00e9tude men\u00e9e au S\u00e9n\u00e9gal par le Consortium pour la recherche \u00e9conomique et sociale (Cres) montrent que les jeunes ayant b\u00e9n\u00e9fici\u00e9 des programmes de [&hellip;]<\/p>\n","protected":false},"author":1965,"featured_media":0,"comment_status":"closed","ping_status":"closed","sticky":false,"template":"","format":"standard","meta":{"fifu_image_url":"https:\/\/www.journalducameroun.com\/wp-content\/uploads\/2022\/03\/16469326835573.jpg","fifu_image_alt":"S\u00e9n\u00e9gal : l\u2019encadrement des jeunes, gage d\u2019un emploi d\u00e9cent (\u00e9tude)","footnotes":""},"categories":[73,82],"tags":[],"class_list":["post-142828","post","type-post","status-publish","format-standard","hentry","category-actualite","category-cameroun"],"_links":{"self":[{"href":"https:\/\/linitiative.ca\/International\/wp-json\/wp\/v2\/posts\/142828","targetHints":{"allow":["GET"]}}],"collection":[{"href":"https:\/\/linitiative.ca\/International\/wp-json\/wp\/v2\/posts"}],"about":[{"href":"https:\/\/linitiative.ca\/International\/wp-json\/wp\/v2\/types\/post"}],"author":[{"embeddable":true,"href":"https:\/\/linitiative.ca\/International\/wp-json\/wp\/v2\/users\/1965"}],"replies":[{"embeddable":true,"href":"https:\/\/linitiative.ca\/International\/wp-json\/wp\/v2\/comments?post=142828"}],"version-history":[{"count":0,"href":"https:\/\/linitiative.ca\/International\/wp-json\/wp\/v2\/posts\/142828\/revisions"}],"wp:attachment":[{"href":"https:\/\/linitiative.ca\/International\/wp-json\/wp\/v2\/media?parent=142828"}],"wp:term":[{"taxonomy":"category","embeddable":true,"href":"https:\/\/linitiative.ca\/International\/wp-json\/wp\/v2\/categories?post=142828"},{"taxonomy":"post_tag","embeddable":true,"href":"https:\/\/linitiative.ca\/International\/wp-json\/wp\/v2\/tags?post=142828"}],"curies":[{"name":"wp","href":"https:\/\/api.w.org\/{rel}","templated":true}]}}