{"id":142830,"date":"2022-03-10T12:39:53","date_gmt":"2022-03-10T17:39:53","guid":{"rendered":"https:\/\/linitiative.ca\/International\/cameroun-lactiviste-paul-chouta-violemment-agresse\/"},"modified":"2022-03-10T12:39:53","modified_gmt":"2022-03-10T17:39:53","slug":"cameroun-lactiviste-paul-chouta-violemment-agresse","status":"publish","type":"post","link":"https:\/\/linitiative.ca\/International\/cameroun-lactiviste-paul-chouta-violemment-agresse\/","title":{"rendered":"Cameroun : l\u2019activiste Paul Chouta violemment agress\u00e9"},"content":{"rendered":"<div>\n<p><img decoding=\"async\" width=\"730\" height=\"400\" src=\"https:\/\/linitiative.ca\/International\/wp-content\/uploads\/sites\/23\/2022\/03\/Paul-Chouta.jpg\" class=\"attachment-post-thumbnail size-post-thumbnail wp-post-image\" alt=\"\" loading=\"lazy\" srcset=\"https:\/\/linitiative.ca\/International\/wp-content\/uploads\/sites\/23\/2022\/03\/Paul-Chouta.jpg 730w, https:\/\/www.journalducameroun.com\/wp-content\/uploads\/2022\/03\/Paul-Chouta-300x164.jpg 300w, https:\/\/www.journalducameroun.com\/wp-content\/uploads\/2022\/03\/Paul-Chouta-600x329.jpg 600w\" sizes=\"auto, (max-width: 730px) 100vw, 730px\"><\/p>\n<h2 style=\"font-weight: 400; text-align: justify;\"><strong>Le lanceur d\u2019alerte du TGV de l\u2019info se trouve dans un \u00e9tat inqui\u00e9tant dans un h\u00f4pital de Yaound\u00e9.<\/strong><\/h2>\n<p style=\"font-weight: 400; text-align: justify;\"><em>\u00ab\u00a0Le journaliste a \u00e9t\u00e9 enlev\u00e9 hier nuit au quartier Damas \u00e0 Yaound\u00e9 par des hommes v\u00e9hicul\u00e9s qui l\u2019ont entra\u00een\u00e9 dans une localit\u00e9 p\u00e9riph\u00e9rique \u00e0 Yaound\u00e9 situ\u00e9e sur l\u2019autoroute Nsimalen-Yaound\u00e9. Paul Chouta a \u00e9t\u00e9 retrouv\u00e9 ensanglant\u00e9 tout nu comme un verre de terre. Des traces des s\u00e9vices corporels qui a subis sont encore perceptibles\u00a0\u00bb,<\/em>\u00a0peut-on lire sur la page Facebook TGV de l\u2019info dont le lanceur d\u2019alerte est propri\u00e9taire<\/p>\n<p style=\"font-weight: 400; text-align: justify;\">\u00ab Quatre hommes l\u2019ont accost\u00e9 et l\u2019ont conduit de force dans un v\u00e9hicule qui \u00e9tait gar\u00e9. Ils l\u2019ont amen\u00e9 \u00e0 la nouvelle autoroute Yaound\u00e9 Nsimalen, puis ils l\u2019ont violemment frapp\u00e9 en lui lan\u00e7ant des pierres sur la t\u00eate. Quand il est tomb\u00e9, un a cri\u00e9, il est mort. Ces bourreaux se sont enfuis, laissant l\u2019activiste au sol \u00bb, raconte un proche de la famille qui dit avoir parl\u00e9 \u00e0 Paul Chouta avant que son \u00e9tat de sant\u00e9 se d\u00e9grade.<\/p>\n<p style=\"font-weight: 400; text-align: justify;\">A l\u2019h\u00f4pital Paul Chouta a \u00e9t\u00e9 pris en charge et subit actuellement des soins intensifs. Les m\u00e9decins ne se sont pas encore prononc\u00e9s sur son cas. Les membres de sa famille pr\u00e9sents \u00e0 l\u2019h\u00f4pital restent optimistes.<\/p>\n<p style=\"font-weight: 400; text-align: justify;\">\u00a0Il y a quelques jours, l\u2019activiste Paul Chouta se disait menac\u00e9 par des personnes inconnues qui lui envoyaient des messages de menace pour un article qu\u2019il avait partag\u00e9 dans un forum sans en \u00eatre le principal auteur.<\/p>\n<p>Cet article <a rel=\"nofollow\" href=\"https:\/\/www.journalducameroun.com\/cameroun-lactiviste-paul-chouta-violemment-agresse\/\">Cameroun : l\u2019activiste Paul Chouta violemment agress\u00e9<\/a> est apparu en premier sur <a rel=\"nofollow\" href=\"https:\/\/www.journalducameroun.com\/\">Journal du Cameroun<\/a>.<\/p>\n<\/div>\n<p>Auteur: Emile Zola Nd\u00e9 Tchoussi<br \/>\n<a href=\"https:\/\/www.journalducameroun.com\/cameroun-lactiviste-paul-chouta-violemment-agresse\/\">Cliquez ici pour lire l&rsquo;article depuis sa source.<\/a><\/p>\n","protected":false},"excerpt":{"rendered":"<p>Le lanceur d\u2019alerte du TGV de l\u2019info se trouve dans un \u00e9tat inqui\u00e9tant dans un h\u00f4pital de Yaound\u00e9. \u00ab\u00a0Le journaliste a \u00e9t\u00e9 enlev\u00e9 hier nuit au quartier Damas \u00e0 Yaound\u00e9 par des hommes v\u00e9hicul\u00e9s qui l\u2019ont entra\u00een\u00e9 dans une localit\u00e9 p\u00e9riph\u00e9rique \u00e0 Yaound\u00e9 situ\u00e9e sur l\u2019autoroute Nsimalen-Yaound\u00e9. Paul Chouta a \u00e9t\u00e9 retrouv\u00e9 ensanglant\u00e9 tout nu [&hellip;]<\/p>\n","protected":false},"author":1965,"featured_media":0,"comment_status":"closed","ping_status":"closed","sticky":false,"template":"","format":"standard","meta":{"fifu_image_url":"https:\/\/www.journalducameroun.com\/wp-content\/uploads\/2022\/03\/Paul-Chouta.jpg","fifu_image_alt":"Cameroun : l\u2019activiste Paul Chouta violemment agress\u00e9","footnotes":""},"categories":[73,82],"tags":[],"class_list":["post-142830","post","type-post","status-publish","format-standard","hentry","category-actualite","category-cameroun"],"_links":{"self":[{"href":"https:\/\/linitiative.ca\/International\/wp-json\/wp\/v2\/posts\/142830","targetHints":{"allow":["GET"]}}],"collection":[{"href":"https:\/\/linitiative.ca\/International\/wp-json\/wp\/v2\/posts"}],"about":[{"href":"https:\/\/linitiative.ca\/International\/wp-json\/wp\/v2\/types\/post"}],"author":[{"embeddable":true,"href":"https:\/\/linitiative.ca\/International\/wp-json\/wp\/v2\/users\/1965"}],"replies":[{"embeddable":true,"href":"https:\/\/linitiative.ca\/International\/wp-json\/wp\/v2\/comments?post=142830"}],"version-history":[{"count":0,"href":"https:\/\/linitiative.ca\/International\/wp-json\/wp\/v2\/posts\/142830\/revisions"}],"wp:attachment":[{"href":"https:\/\/linitiative.ca\/International\/wp-json\/wp\/v2\/media?parent=142830"}],"wp:term":[{"taxonomy":"category","embeddable":true,"href":"https:\/\/linitiative.ca\/International\/wp-json\/wp\/v2\/categories?post=142830"},{"taxonomy":"post_tag","embeddable":true,"href":"https:\/\/linitiative.ca\/International\/wp-json\/wp\/v2\/tags?post=142830"}],"curies":[{"name":"wp","href":"https:\/\/api.w.org\/{rel}","templated":true}]}}