{"id":142832,"date":"2022-03-10T14:18:03","date_gmt":"2022-03-10T19:18:03","guid":{"rendered":"https:\/\/linitiative.ca\/International\/forum-mondial-de-leau-dakar-prete-a-accueillir-ses-hotes\/"},"modified":"2022-03-10T14:18:03","modified_gmt":"2022-03-10T19:18:03","slug":"forum-mondial-de-leau-dakar-prete-a-accueillir-ses-hotes","status":"publish","type":"post","link":"https:\/\/linitiative.ca\/International\/forum-mondial-de-leau-dakar-prete-a-accueillir-ses-hotes\/","title":{"rendered":"Forum mondial de l\u2019eau: Dakar \u00ab pr\u00eate \u00bb \u00e0 accueillir ses h\u00f4tes"},"content":{"rendered":"<div>\n<p><img decoding=\"async\" width=\"2560\" height=\"1440\" src=\"https:\/\/linitiative.ca\/International\/wp-content\/uploads\/sites\/23\/2022\/03\/16469398833521.jpg\" class=\"attachment-post-thumbnail size-post-thumbnail wp-post-image\" alt=\"\" loading=\"lazy\"><\/p>\n<p>Toutes les dispositions ont \u00e9t\u00e9 prises pour faire de cet \u00e9v\u00e9nement un succ\u00e8s, a assur\u00e9 ce jeudi, l&rsquo;adjointe au gouverneur de la r\u00e9gion de Dakar en charge du d\u00e9veloppement, Tening Faye Ba.Face au d\u00e9fi que repr\u00e9sente l&rsquo;organisation du 9e Forum mondial de l&rsquo;eau, le gouvernorat de Dakar rassure. En pr\u00e9lude \u00e0 ce rendez-vous plan\u00e9taire, un pr\u00e9-forum a \u00e9t\u00e9 organis\u00e9 ce jeudi pour permettre \u00e0 l&rsquo;ensemble des acteurs impliqu\u00e9s de s&rsquo;impr\u00e9gner des enjeux.<\/p>\n<p>L&rsquo;adjointe au gouverneur de la r\u00e9gion de Dakar en charge du d\u00e9veloppement, Tening Faye Ba, a saisi cette occasion pour d\u00e9clarer que \u00ab toutes les dispositions ont \u00e9t\u00e9 prises \u00bb pour \u00eatre \u00e0 la hauteur de l&rsquo;\u00e9v\u00e9nement.<\/p>\n<p>\u00ab Dakar a toutes les cartes en main pour faire du 9e Forum mondial de l&rsquo;eau une r\u00e9ussite. Un forum qui guide le d\u00e9veloppement \u00e9conomique de nos diff\u00e9rents pays. Un forum qui va proposer des solutions aux difficult\u00e9s auxquelles le monde fait face dans le domaine de l&rsquo;eau \u00bb, a indiqu\u00e9 de son c\u00f4t\u00e9 Boubacar Barry, membre du secr\u00e9tariat du Forum.<\/p>\n<p>Cette 9e \u00e9dition, pr\u00e9vue du 21 au 26 mars 2022 au Centre international de conf\u00e9rences Abdou Diouf (Cicad) de Diamniadio, a pour th\u00e8me : \u00ab La s\u00e9curit\u00e9 de l&rsquo;eau pour la paix et le d\u00e9veloppement \u00bb. L&rsquo;objectif du S\u00e9n\u00e9gal et du Conseil mondial de l&rsquo;eau est d&rsquo;organiser un forum plus efficace aux plans social, politique et \u00e9conomique, d&rsquo;o\u00f9 le surnom de \u00ab Forum des r\u00e9ponses \u00bb.<\/p>\n<p>Selon M. Barry, quelque 25 mille personnes sont attendues dans la capitale s\u00e9n\u00e9galaise pour ce grand rassemblement des acteurs de l&rsquo;eau.<\/p>\n<p>Cet article <a rel=\"nofollow\" href=\"https:\/\/www.journalducameroun.com\/forum-mondial-de-leau-dakar-prete-a-accueillir-ses-hotes\/\">Forum mondial de l\u2019eau: Dakar \u00ab pr\u00eate \u00bb \u00e0 accueillir ses h\u00f4tes<\/a> est apparu en premier sur <a rel=\"nofollow\" href=\"https:\/\/www.journalducameroun.com\/\">Journal du Cameroun<\/a>.<\/p>\n<\/div>\n<p>Auteur: APA News<br \/>\n<a href=\"https:\/\/www.journalducameroun.com\/forum-mondial-de-leau-dakar-prete-a-accueillir-ses-hotes\/\">Cliquez ici pour lire l&rsquo;article depuis sa source.<\/a><\/p>\n","protected":false},"excerpt":{"rendered":"<p>Toutes les dispositions ont \u00e9t\u00e9 prises pour faire de cet \u00e9v\u00e9nement un succ\u00e8s, a assur\u00e9 ce jeudi, l&rsquo;adjointe au gouverneur de la r\u00e9gion de Dakar en charge du d\u00e9veloppement, Tening Faye Ba.Face au d\u00e9fi que repr\u00e9sente l&rsquo;organisation du 9e Forum mondial de l&rsquo;eau, le gouvernorat de Dakar rassure. En pr\u00e9lude \u00e0 ce rendez-vous plan\u00e9taire, un [&hellip;]<\/p>\n","protected":false},"author":1965,"featured_media":0,"comment_status":"closed","ping_status":"closed","sticky":false,"template":"","format":"standard","meta":{"fifu_image_url":"https:\/\/www.journalducameroun.com\/wp-content\/uploads\/2022\/03\/16469398833521.jpg","fifu_image_alt":"Forum mondial de l\u2019eau: Dakar \u00ab pr\u00eate \u00bb \u00e0 accueillir ses h\u00f4tes","footnotes":""},"categories":[73,82],"tags":[],"class_list":["post-142832","post","type-post","status-publish","format-standard","hentry","category-actualite","category-cameroun"],"_links":{"self":[{"href":"https:\/\/linitiative.ca\/International\/wp-json\/wp\/v2\/posts\/142832","targetHints":{"allow":["GET"]}}],"collection":[{"href":"https:\/\/linitiative.ca\/International\/wp-json\/wp\/v2\/posts"}],"about":[{"href":"https:\/\/linitiative.ca\/International\/wp-json\/wp\/v2\/types\/post"}],"author":[{"embeddable":true,"href":"https:\/\/linitiative.ca\/International\/wp-json\/wp\/v2\/users\/1965"}],"replies":[{"embeddable":true,"href":"https:\/\/linitiative.ca\/International\/wp-json\/wp\/v2\/comments?post=142832"}],"version-history":[{"count":0,"href":"https:\/\/linitiative.ca\/International\/wp-json\/wp\/v2\/posts\/142832\/revisions"}],"wp:attachment":[{"href":"https:\/\/linitiative.ca\/International\/wp-json\/wp\/v2\/media?parent=142832"}],"wp:term":[{"taxonomy":"category","embeddable":true,"href":"https:\/\/linitiative.ca\/International\/wp-json\/wp\/v2\/categories?post=142832"},{"taxonomy":"post_tag","embeddable":true,"href":"https:\/\/linitiative.ca\/International\/wp-json\/wp\/v2\/tags?post=142832"}],"curies":[{"name":"wp","href":"https:\/\/api.w.org\/{rel}","templated":true}]}}