{"id":142834,"date":"2022-03-10T08:18:34","date_gmt":"2022-03-10T13:18:34","guid":{"rendered":"https:\/\/linitiative.ca\/International\/le-fmi-et-le-gicam-preconisent-la-revalorisation-du-smig-pour-faire-face-a-linflation\/"},"modified":"2022-03-10T08:18:34","modified_gmt":"2022-03-10T13:18:34","slug":"le-fmi-et-le-gicam-preconisent-la-revalorisation-du-smig-pour-faire-face-a-linflation","status":"publish","type":"post","link":"https:\/\/linitiative.ca\/International\/le-fmi-et-le-gicam-preconisent-la-revalorisation-du-smig-pour-faire-face-a-linflation\/","title":{"rendered":"Le FMI et le Gicam pr\u00e9conisent la revalorisation du Smig pour faire face \u00e0 l\u2019inflation"},"content":{"rendered":"<div>\n<p>L\u2019actualit\u00e9 de l\u2019\u00e9conomie camerounaise est domin\u00e9e ces derniers temps par la probl\u00e9matique de l\u2019inflation sans cesse galopante en raison d\u2019une conjonction de facteurs. D\u2019abord \u00e0 cause de la pand\u00e9mie de Coronavirus qui a entrain\u00e9 une hausse des cours des mati\u00e8res premi\u00e8res sur le march\u00e9 international, et une explosion des co\u00fbts du fret maritime\u00a0; ensuite en raison de la s\u00e9rie de crises g\u00e9opolitiques qui secoue le monde, notamment celle russo-ukrainienne, avec comme corollaire une suspension des importations des mati\u00e8res premi\u00e8res en provenance des deux pays.<\/p>\n<p><strong>Lire aussi : <a href=\"https:\/\/ecomatin.net\/le-feicom-debloque-65-millions-de-f-pour-r-le-developpement-de-lelevage-et-de-la-peche-dans-les-communes\/\">Le Feicom d\u00e9bloque 65 millions de F pour le d\u00e9veloppement de l\u2019\u00e9levage et de la p\u00eache dans les communes<\/a><\/strong><\/p>\n<p>Et cette situation pr\u00e9occupe le Fonds Mon\u00e9taire International (Fmi).\u00a0\u00a0D\u2019ailleurs son Repr\u00e9sentant r\u00e9sident au Cameroun, Nicholas Staines, accompagn\u00e9 de Du Prince Tchokote, \u00c9conomiste au Bureau du Fmi, a tenu le 4 mars dernier une s\u00e9ance d\u2019\u00e9changes, par visio-conf\u00e9rences avec le Groupement Inter-Patronal du Cameroun, repr\u00e9sent\u00e9 par son pr\u00e9sident, C\u00e9lestin Tawamba, \u00e9tait assist\u00e9 de ses deux vices, Essobmadje Mbang et Emmanuel De Tailly, y compris de la directrice Ex\u00e9cutive de l\u2019institution Aline Mbono.<\/p>\n<p><strong>Lire aussi : <a href=\"https:\/\/ecomatin.net\/le-feicom-dresse-le-bilan-de-ses-activites-en-2020\/\">Le Feicom dresse le bilan de ses activit\u00e9s en 2020<\/a><\/strong><\/p>\n<p>Les \u00e9changes ont port\u00e9 sur la conjoncture des Entreprises et ses perspectives \u00e0 court terme, dans un contexte marqu\u00e9 par les tensions inflationnistes qui se renforcent depuis le 4\u00e8me trimestre 2021 et s\u2019aggravent avec les crises militaires et g\u00e9opolitiques actuelles, et qui ont des r\u00e9percussions sur lesdites entreprises, dont certaines sont menac\u00e9es de fermeture du fait des risques de ruptures d\u2019approvisionnements en intrants.<\/p>\n<p><strong>Lire aussi : <a href=\"https:\/\/ecomatin.net\/le-gicam-et-lafd-evaluent-t-le-climat-des-affaires-au-cameroun\/\">Le Gicam et l\u2019AFD \u00e9valuent le climat des affaires au Cameroun<\/a><\/strong><\/p>\n<p>Le Fonds mon\u00e9taire international et le patronat se sont accord\u00e9s sur l\u2019urgence de trouver dans l\u2019imm\u00e9diat des solutions pour tenter de ma\u00eetriser l\u2019inflation. Pour ce faire, l\u2019institution de Bretton Woods et le secteur priv\u00e9 sont favorables \u00e0 une r\u00e9percussion partielle des surco\u00fbts sur les prix aux consommateurs, et pr\u00e9conisent \u00e9galement le rel\u00e8vement du pouvoir d\u2019achat \u00e0 travers une revalorisation du Salaire minimum interprofessionnel garanti (Smig). Ils invitent en outre le Gouvernement \u00e0 envisager des possibilit\u00e9s de subventions pour certains produits sensibles et les incitations \u00e0 l\u2019utilisation des mati\u00e8res premi\u00e8res locales.\u00a0<\/p>\n<p><strong>Lire aussi : <a href=\"https:\/\/ecomatin.net\/apres-le-gicam-alain-blaise-batongue-atterrit-t-a-orange-cameroun-n-en-tant-que-directeur-des-affaires-institutionnelles-et-reglementaires\/\">Apr\u00e8s le Gicam, Alain Blaise Batongue atterrit \u00e0 Orange Cameroun<\/a><\/strong><\/p>\n<p>D\u2019autres facteurs aggravant de cette crise ont \u00e9t\u00e9 \u00e9galement abord\u00e9s. Il en a \u00e9t\u00e9 ainsi de l\u2019extension du Programme d\u2019\u00e9valuation de la conformit\u00e9 avant embarquement des marchandises import\u00e9es en R\u00e9publique du Cameroun (Pecae), des contraintes de la r\u00e9glementation des Changes et des risques de rel\u00e8vement des taux d\u2019int\u00e9r\u00eats sur les march\u00e9s financiers au regard de la crise en mer noire. \u00ab\u00a0Le FMI a insist\u00e9 sur la n\u00e9cessit\u00e9 de garantir le bon fonctionnement de l\u2019\u00e9conomie de march\u00e9 dans lequel l\u2019Etat joue efficacement son r\u00f4le de r\u00e9gulation et le secteur priv\u00e9 celui de la cr\u00e9ation de richesses et d\u2019emplois. L\u2019utilisation de la r\u00e9glementation de changes comme instrument de restriction du commerce ou encore des politiques de r\u00e9gulation des prix qui obligent \u00e0 des subventions m\u00e9rite \u00e0 cet effet d\u2019\u00eatre interrog\u00e9e\u00a0\u00bb, rapporte le Gicam.<\/p>\n<p><strong>Lire aussi : <a href=\"https:\/\/ecomatin.net\/jonathan-nyemb-designe-comme-representant-du-gicam-a-la-commission-nationale-de-la-concurrence\/\">Jonathan Nyemb d\u00e9sign\u00e9 comme repr\u00e9sentant du Gicam \u00e0 la Commission nationale de la Concurrence<\/a><\/strong><\/p>\n<p>L\u2019article <a rel=\"nofollow\" href=\"https:\/\/ecomatin.net\/le-fmi-et-le-gicam-preconisent-la-revalorisation-du-smig-pour-faire-face-a-linflation\/\">Le FMI et le Gicam pr\u00e9conisent la revalorisation du Smig pour faire face \u00e0 l\u2019inflation<\/a> est apparu en premier sur <a rel=\"nofollow\" href=\"https:\/\/ecomatin.net\/\">EcoMatin<\/a>.<\/p>\n<\/div>\n<p>Auteur: Yannick KENNE<br \/>\n<a href=\"https:\/\/ecomatin.net\/le-fmi-et-le-gicam-preconisent-la-revalorisation-du-smig-pour-faire-face-a-linflation\/\">Cliquez ici pour lire l&rsquo;article depuis sa source.<\/a><\/p>\n","protected":false},"excerpt":{"rendered":"<p>L\u2019actualit\u00e9 de l\u2019\u00e9conomie camerounaise est domin\u00e9e ces derniers temps par la probl\u00e9matique de l\u2019inflation sans cesse galopante en raison d\u2019une conjonction de facteurs. D\u2019abord \u00e0 cause de la pand\u00e9mie de Coronavirus qui a entrain\u00e9 une hausse des cours des mati\u00e8res premi\u00e8res sur le march\u00e9 international, et une explosion des co\u00fbts du fret maritime\u00a0; ensuite en [&hellip;]<\/p>\n","protected":false},"author":1969,"featured_media":0,"comment_status":"closed","ping_status":"closed","sticky":false,"template":"","format":"standard","meta":{"fifu_image_url":"","fifu_image_alt":"","footnotes":""},"categories":[82,78],"tags":[],"class_list":["post-142834","post","type-post","status-publish","format-standard","hentry","category-cameroun","category-economie"],"_links":{"self":[{"href":"https:\/\/linitiative.ca\/International\/wp-json\/wp\/v2\/posts\/142834","targetHints":{"allow":["GET"]}}],"collection":[{"href":"https:\/\/linitiative.ca\/International\/wp-json\/wp\/v2\/posts"}],"about":[{"href":"https:\/\/linitiative.ca\/International\/wp-json\/wp\/v2\/types\/post"}],"author":[{"embeddable":true,"href":"https:\/\/linitiative.ca\/International\/wp-json\/wp\/v2\/users\/1969"}],"replies":[{"embeddable":true,"href":"https:\/\/linitiative.ca\/International\/wp-json\/wp\/v2\/comments?post=142834"}],"version-history":[{"count":0,"href":"https:\/\/linitiative.ca\/International\/wp-json\/wp\/v2\/posts\/142834\/revisions"}],"wp:attachment":[{"href":"https:\/\/linitiative.ca\/International\/wp-json\/wp\/v2\/media?parent=142834"}],"wp:term":[{"taxonomy":"category","embeddable":true,"href":"https:\/\/linitiative.ca\/International\/wp-json\/wp\/v2\/categories?post=142834"},{"taxonomy":"post_tag","embeddable":true,"href":"https:\/\/linitiative.ca\/International\/wp-json\/wp\/v2\/tags?post=142834"}],"curies":[{"name":"wp","href":"https:\/\/api.w.org\/{rel}","templated":true}]}}