{"id":142836,"date":"2022-03-10T09:23:02","date_gmt":"2022-03-10T14:23:02","guid":{"rendered":"https:\/\/linitiative.ca\/International\/energie-electrique-deficit-energetique-changements-climatiques-et-responsabilite-partagee-des-operateurs\/"},"modified":"2022-03-10T09:23:02","modified_gmt":"2022-03-10T14:23:02","slug":"energie-electrique-deficit-energetique-changements-climatiques-et-responsabilite-partagee-des-operateurs","status":"publish","type":"post","link":"https:\/\/linitiative.ca\/International\/energie-electrique-deficit-energetique-changements-climatiques-et-responsabilite-partagee-des-operateurs\/","title":{"rendered":"Energie \u00e9lectrique\u00a0: d\u00e9ficit \u00e9nerg\u00e9tique, changements climatiques et responsabilit\u00e9 partag\u00e9e des op\u00e9rateurs"},"content":{"rendered":"<div>\n<p>Au lendemain de la Coupe d\u2019Afrique des Nations (CAN) de football, les villes camerounaises font face \u00e0 l\u2019implacable r\u00e9alit\u00e9 des coupures d\u2019\u00e9lectricit\u00e9, ce apr\u00e8s une relative stabilit\u00e9 observ\u00e9e durant cette comp\u00e9tition. L\u2019entreprise Energy of Cameroon (Eneo), le concessionnaire du service public en charge de la distribution de l\u2019\u00e9nergie \u00e9lectrique au Cameroun proc\u00e8de depuis quelques temps par des rationnements, une sorte de distribution \u00e9quitable de l\u2019\u00e9nergie entre les localit\u00e9s impact\u00e9es pour tenter de juguler la crise \u00e9nerg\u00e9tique. L\u2019\u00e9nerg\u00e9ticien camerounais qui g\u00e8re \u00e9galement un pan de la production d\u2019\u00e9nergie avec ses centrales thermiques justifie souvent le d\u00e9ficit par des probl\u00e8mes li\u00e9s \u00e0 la maintenance de ses installations ou encore du d\u00e9faut de combustible pour faire fonctionner \u00e0 plein r\u00e9gime ses centrales, notamment dans le Grand Nord.<\/p>\n<p><strong>Lire aussi<\/strong> : <strong><a href=\"https:\/\/ecomatin.net\/eneo-mise-sur-les-energies-renouvelables-pour-resorber-r-le-deficit-energetique-dans-le-septentrion\/\">Eneo mise sur les \u00e9nergies renouvelables pour r\u00e9sorber le d\u00e9ficit \u00e9nerg\u00e9tique dans le septentrion<\/a>\u00a0<\/strong><\/p>\n<p>Au demeurant, les probl\u00e8mes d\u2019\u00e9nergie ne sont pas l\u2019apanage de la seule entreprise Eneo. L\u2019on d\u00e9nonce \u00e9galement des fuites d\u2019\u00e9nergie et une r\u00e9currence d\u2019incidents sur le r\u00e9seau de transport g\u00e9r\u00e9 par la Soci\u00e9t\u00e9 nationale de transport de l\u2019\u00e9lectricit\u00e9 (Sonatrel) depuis 2012. En outre, malgr\u00e9 la d\u00e9centralisation de la production, l\u2019offre \u00e9nerg\u00e9tique demeure insuffisante. En effet, d\u2019apr\u00e8s le rapport 2020 d\u2019Eneo, l\u2019entreprise assure 65,42% de la production dans le mix \u00e9nerg\u00e9tique du pays. Eneo-Genco a pris la rel\u00e8ve pour tenter d\u2019augmenter cette capacit\u00e9 de production. Quatre autres acteurs op\u00e8rent dans la production, en l\u2019occurrence Memve\u2019Ele via Electricity Development Corporation (13,82%), Kribi Power Development Corporation (14,15%), Dibamba Power Development Corporation (5,63%) et Aggreko (0,98%).<\/p>\n<p><strong>Le gouvernement \u00e0 la rescousse<\/strong><\/p>\n<p>Cette situation n\u2019a pas laiss\u00e9 de marbre le Gouvernement. Dans un communiqu\u00e9 du ministre de la Communication, Ren\u00e9 Emmanuel Sadi indique que ce d\u00e9ficit \u00e9nerg\u00e9tique est la r\u00e9sultante d\u2019une crise hydrologique cons\u00e9cutive aux changements climatiques qui affectent le monde entier et qui impactent au niveau national la production de plusieurs barrages hydro\u00e9lectriques \u00e0 l\u2019instar de ceux de Memve\u2019ele, sur le fleuve Ntem et de Lagdo sur le fleuve Benou\u00e9.<\/p>\n<p><strong>Lire aussi<\/strong> : <strong><a href=\"https:\/\/ecomatin.net\/energie-electrique-apres-une-relative-stabilite-durant-t-la-can-eneo-annonce-le-retour-des-delestages-dans-le-septentrion\/\">Energie \u00e9lectrique\u00a0: apr\u00e8s une relative stabilit\u00e9 durant la CAN, Eneo annonce le retour des d\u00e9lestages dans le Septentrion<\/a><\/strong><\/p>\n<p>Dans le detail, le Gouvernement indique que sur le R\u00e9seau Interconnect\u00e9 Sud (RIS), l\u2019instabilit\u00e9 r\u00e9sulte d\u2019un \u00ab d\u00e9ficit conjoncturel de la production de l\u2019\u00e9lectricit\u00e9, caract\u00e9ris\u00e9 notamment par une diminution du d\u00e9bit d\u2019eau alimentant les turbines de la centrale de Memve\u2019ele \u00bb. Et concernant le R\u00e9seau Interconnect\u00e9 Nord (RIN) o\u00f9 la situation est beaucoup plus pr\u00e9occupante, le porte-parole du gouvernement indique qu\u2019 \u00ab une importante quantit\u00e9 d\u2019eau du barrage de Lagdo a \u00e9t\u00e9 utilis\u00e9e pour faire tourner les turbines de la centrale, afin de permettre aux populations de la partie septentrionale du pays de suivre la Coupe d\u2019Afrique des Nations de football. Mais pour \u00e9viter l\u2019ass\u00e8chement de la retenue d\u2019eau dudit barrage, la soci\u00e9t\u00e9 Eneo a d\u00fb r\u00e9duire la production de cet ouvrage de 23 \u00e0 9 m\u00e9gawatts\u00bb.<\/p>\n<p><strong>Lire aussi<\/strong> : <strong><a href=\"https:\/\/ecomatin.net\/electricite-les-details-sur-le-remboursement-dune-dette-de-182-milliards-de-letat-due-a-eneo\/\">Electricit\u00e9 : les d\u00e9tails sur le remboursement d\u2019une dette de 182 milliards de l\u2019Etat due \u00e0 Eneo<\/a><\/strong><\/p>\n<p>Et pour tenter de r\u00e9sorber cette situation, le Gouvernement a instruit l\u2019accroissement de la production des centrales hydro\u00e9lectriques de Songloulou et d\u2019Ed\u00e9a, \u00e0 travers des l\u00e2chers d\u2019eau plus importants, au d\u00e9part du barrage r\u00e9servoir de Lom Pangar, dont les d\u00e9bits journaliers passeront de 1100m3 par seconde \u00e0 1200m3 par seconde ; la r\u00e9activation et la mise en service de toutes les centrales thermiques du R\u00e9seau Interconnect\u00e9 Sud et la r\u00e9duction en soir\u00e9e, de l\u2019alimentation de certaines industries.<\/p>\n<p>L\u2019article <a rel=\"nofollow\" href=\"https:\/\/ecomatin.net\/energie-electrique-deficit-energetique-changements-climatiques-et-responsabilite-partagee-des-operateurs\/\">Energie \u00e9lectrique\u00a0: d\u00e9ficit \u00e9nerg\u00e9tique, changements climatiques et responsabilit\u00e9 partag\u00e9e des op\u00e9rateurs<\/a> est apparu en premier sur <a rel=\"nofollow\" href=\"https:\/\/ecomatin.net\/\">EcoMatin<\/a>.<\/p>\n<\/div>\n<p>Auteur: Yannick KENNE<br \/>\n<a href=\"https:\/\/ecomatin.net\/energie-electrique-deficit-energetique-changements-climatiques-et-responsabilite-partagee-des-operateurs\/\">Cliquez ici pour lire l&rsquo;article depuis sa source.<\/a><\/p>\n","protected":false},"excerpt":{"rendered":"<p>Au lendemain de la Coupe d\u2019Afrique des Nations (CAN) de football, les villes camerounaises font face \u00e0 l\u2019implacable r\u00e9alit\u00e9 des coupures d\u2019\u00e9lectricit\u00e9, ce apr\u00e8s une relative stabilit\u00e9 observ\u00e9e durant cette comp\u00e9tition. L\u2019entreprise Energy of Cameroon (Eneo), le concessionnaire du service public en charge de la distribution de l\u2019\u00e9nergie \u00e9lectrique au Cameroun proc\u00e8de depuis quelques temps [&hellip;]<\/p>\n","protected":false},"author":1969,"featured_media":0,"comment_status":"closed","ping_status":"closed","sticky":false,"template":"","format":"standard","meta":{"fifu_image_url":"","fifu_image_alt":"","footnotes":""},"categories":[82,78],"tags":[],"class_list":["post-142836","post","type-post","status-publish","format-standard","hentry","category-cameroun","category-economie"],"_links":{"self":[{"href":"https:\/\/linitiative.ca\/International\/wp-json\/wp\/v2\/posts\/142836","targetHints":{"allow":["GET"]}}],"collection":[{"href":"https:\/\/linitiative.ca\/International\/wp-json\/wp\/v2\/posts"}],"about":[{"href":"https:\/\/linitiative.ca\/International\/wp-json\/wp\/v2\/types\/post"}],"author":[{"embeddable":true,"href":"https:\/\/linitiative.ca\/International\/wp-json\/wp\/v2\/users\/1969"}],"replies":[{"embeddable":true,"href":"https:\/\/linitiative.ca\/International\/wp-json\/wp\/v2\/comments?post=142836"}],"version-history":[{"count":0,"href":"https:\/\/linitiative.ca\/International\/wp-json\/wp\/v2\/posts\/142836\/revisions"}],"wp:attachment":[{"href":"https:\/\/linitiative.ca\/International\/wp-json\/wp\/v2\/media?parent=142836"}],"wp:term":[{"taxonomy":"category","embeddable":true,"href":"https:\/\/linitiative.ca\/International\/wp-json\/wp\/v2\/categories?post=142836"},{"taxonomy":"post_tag","embeddable":true,"href":"https:\/\/linitiative.ca\/International\/wp-json\/wp\/v2\/tags?post=142836"}],"curies":[{"name":"wp","href":"https:\/\/api.w.org\/{rel}","templated":true}]}}