{"id":142838,"date":"2022-03-10T09:39:40","date_gmt":"2022-03-10T14:39:40","guid":{"rendered":"https:\/\/linitiative.ca\/International\/au-3eme-trimestre-2021-lexploitation-forestiere-a-connu-une-croissance-de-127\/"},"modified":"2022-03-10T09:39:40","modified_gmt":"2022-03-10T14:39:40","slug":"au-3eme-trimestre-2021-lexploitation-forestiere-a-connu-une-croissance-de-127","status":"publish","type":"post","link":"https:\/\/linitiative.ca\/International\/au-3eme-trimestre-2021-lexploitation-forestiere-a-connu-une-croissance-de-127\/","title":{"rendered":"Au 3\u00e8me trimestre 2021, l\u2019exploitation foresti\u00e8re a connu une croissance de 12,7%"},"content":{"rendered":"<div>\n<p>Au 3\u00e8me trimestre de 2021, la branche sylviculture et exploitation foresti\u00e8re a enregistr\u00e9 une progression de 12,7%. C\u2019est ce qu\u2019on peut lire dans le rapport de l\u2019INS sur les Comptes nationaux pour la p\u00e9riode de juillet \u00e0 septembre 2021. Le document indique cette progression est \u00ab\u00a0exceptionnelle\u00a0\u00bb apr\u00e8s celle de 4,7% au trimestre pr\u00e9c\u00e9dent. Et ce n\u2019est pas tout. L\u2019INS observe que, du fait de cette performance, l\u2019exploitation foresti\u00e8re aura \u00e9t\u00e9\u00a0\u00ab\u2009le principal levier de l\u2019activit\u00e9 \u00e9conomique dans\u00a0le secteur primaire au 3<sup>e<\/sup>\u00a0trimestre, marqu\u00e9e par une contribution \u00e0 la croissance du PIB en nette \u00e9volution (0,5 point apr\u00e8s 0,2\u00a0point au 2<sup>e<\/sup>\u00a0trimestre)\u2009\u00bb.<\/p>\n<p><strong>Lire aussi : <a href=\"https:\/\/ecomatin.net\/exploitation-forestiere-la-dgi-supprime-lattestation-de-respect-des-obligations-fiscales\/\">Exploitation foresti\u00e8re\u00a0: la DGI supprime l\u2019attestation de respect des obligations fiscales<\/a><\/strong><\/p>\n<p>Bien plus, selon les conclusions de ce rapport, la p\u00e9riode sous revue poursuit la dynamique de croissance d\u00e9j\u00e0 observ\u00e9e dans le secteur primaire au cours du trimestre pr\u00e9c\u00e9dent. Et pour cause, l\u2019INS indique que \u00ab\u00a0la progression des activit\u00e9s dans ce secteur a atteint 4,9% entre juillet et septembre 2021, apr\u00e8s les 3,2% enregistr\u00e9s au trimestre pr\u00e9c\u00e9dent. Ce qui correspond \u00e0 une contribution \u00e0 la croissance du Produit int\u00e9rieur brut (PIB) de 0,9\u00a0point, apr\u00e8s 0,6\u00a0point au 2\u00e8me\u00a0trimestre\u00a0\u00bb.<\/p>\n<p><strong>Lire aussi : <a href=\"https:\/\/ecomatin.net\/exploitation-forestiere-illegale-le-gic-ziomas-ecope-dune-amende-de-2-millions-de-f\/\">Exploitation foresti\u00e8re ill\u00e9gale : le Gic Ziomas \u00e9cope d\u2019une amende de 2 millions de F<\/a><\/strong><\/p>\n<p>A l\u2019analyse, l\u2019exploitation foresti\u00e8re n\u2019est pas le seul domaine \u00e0 avoir contribu\u00e9 \u00e0 la croissance du PIB au cours du 3\u00e8me trimestre de 2021. L\u2019INS \u00e9voque \u00e9galement dans son rapport \u00e0 propos l\u2019agriculture vivri\u00e8re qui a connu une croissance de 2,7% et une contribution de 0,2\u00a0point \u00e0 la croissance du PIB trimestriel. Ce qui n\u2019est pas le cas de l\u2019agriculture d\u2019exportation qui perd 1 point, passant de 5,6% d\u2019avril \u00e0 juin \u00e0 4,6%. Dans le m\u00eame temps, la branche \u00e9levage, p\u00eache et chasse a connu\u00a0une\u00a0croissance\u00a0relativement stable de 1,9%.<\/p>\n<p><strong>Lire aussi : <a href=\"https:\/\/ecomatin.net\/lue-finance-la-preservation-des-arbres-s-commerciaux-dans-4-unites-forestieres-de-lest-cameroun\/\">L\u2019UE finance la pr\u00e9servation des arbres commerciaux dans 4 unit\u00e9s foresti\u00e8res de l\u2019Est Cameroun<\/a><\/strong><\/p>\n<p>L\u2019article <a rel=\"nofollow\" href=\"https:\/\/ecomatin.net\/au-3eme-trimestre-2021-lexploitation-n-forestiere-a-connu-une-croissance-de-127\/\">Au 3\u00e8me trimestre 2021, l\u2019exploitation foresti\u00e8re a connu une croissance de 12,7%<\/a> est apparu en premier sur <a rel=\"nofollow\" href=\"https:\/\/ecomatin.net\/\">EcoMatin<\/a>.<\/p>\n<\/div>\n<p>Auteur: Bernard Bangda<br \/>\n<a href=\"https:\/\/ecomatin.net\/au-3eme-trimestre-2021-lexploitation-n-forestiere-a-connu-une-croissance-de-127\/\">Cliquez ici pour lire l&rsquo;article depuis sa source.<\/a><\/p>\n","protected":false},"excerpt":{"rendered":"<p>Au 3\u00e8me trimestre de 2021, la branche sylviculture et exploitation foresti\u00e8re a enregistr\u00e9 une progression de 12,7%. C\u2019est ce qu\u2019on peut lire dans le rapport de l\u2019INS sur les Comptes nationaux pour la p\u00e9riode de juillet \u00e0 septembre 2021. Le document indique cette progression est \u00ab\u00a0exceptionnelle\u00a0\u00bb apr\u00e8s celle de 4,7% au trimestre pr\u00e9c\u00e9dent. Et ce [&hellip;]<\/p>\n","protected":false},"author":1969,"featured_media":0,"comment_status":"closed","ping_status":"closed","sticky":false,"template":"","format":"standard","meta":{"fifu_image_url":"","fifu_image_alt":"","footnotes":""},"categories":[82,78],"tags":[],"class_list":["post-142838","post","type-post","status-publish","format-standard","hentry","category-cameroun","category-economie"],"_links":{"self":[{"href":"https:\/\/linitiative.ca\/International\/wp-json\/wp\/v2\/posts\/142838","targetHints":{"allow":["GET"]}}],"collection":[{"href":"https:\/\/linitiative.ca\/International\/wp-json\/wp\/v2\/posts"}],"about":[{"href":"https:\/\/linitiative.ca\/International\/wp-json\/wp\/v2\/types\/post"}],"author":[{"embeddable":true,"href":"https:\/\/linitiative.ca\/International\/wp-json\/wp\/v2\/users\/1969"}],"replies":[{"embeddable":true,"href":"https:\/\/linitiative.ca\/International\/wp-json\/wp\/v2\/comments?post=142838"}],"version-history":[{"count":0,"href":"https:\/\/linitiative.ca\/International\/wp-json\/wp\/v2\/posts\/142838\/revisions"}],"wp:attachment":[{"href":"https:\/\/linitiative.ca\/International\/wp-json\/wp\/v2\/media?parent=142838"}],"wp:term":[{"taxonomy":"category","embeddable":true,"href":"https:\/\/linitiative.ca\/International\/wp-json\/wp\/v2\/categories?post=142838"},{"taxonomy":"post_tag","embeddable":true,"href":"https:\/\/linitiative.ca\/International\/wp-json\/wp\/v2\/tags?post=142838"}],"curies":[{"name":"wp","href":"https:\/\/api.w.org\/{rel}","templated":true}]}}