{"id":14284,"date":"2019-02-14T15:52:07","date_gmt":"2019-02-14T20:52:07","guid":{"rendered":"https:\/\/linitiative.ca\/International\/tunisie-les-citoyens-arretent-un-individu-en-train-denlever-une-adolescente\/"},"modified":"2019-02-14T15:52:07","modified_gmt":"2019-02-14T20:52:07","slug":"tunisie-les-citoyens-arretent-un-individu-en-train-denlever-une-adolescente","status":"publish","type":"post","link":"https:\/\/linitiative.ca\/International\/tunisie-les-citoyens-arretent-un-individu-en-train-denlever-une-adolescente\/","title":{"rendered":"Tunisie \u2013 Les citoyens arr\u00eatent un individu en train d\u2019enlever une adolescente"},"content":{"rendered":"<div class=\"post-cont-in left relative\">\n<div class=\"nc_socialPanel swp_flatFresh swp_d_fullColor swp_i_fullColor swp_o_fullColor scale-100 scale-fullWidth\" data-position=\"none\" data-float=\"floatNone\" data-count=\"5\" data-floatcolor=\"#ffffff\" data-emphasize=\"0\">\n<div class=\"nc_tweetContainer totes totesalt\" data-id=\"6\"><span class=\"swp_count\"><span class=\"swp_label\">Partages<\/span> 21<\/span><\/div>\n<\/div>\n<p>Des citoyens ont r\u00e9ussi \u00e0 rep\u00e9rer et \u00e0 arr\u00eater un individu qui \u00e9tait en train d\u2019enlever une jeune fille de 13 ans, \u00e0 la Cit\u00e9 Ezzayatine \u00e0 El Omrane. Il voulait la ligoter avec une corde. D\u00e8s qu\u2019il a \u00e9t\u00e9 arr\u00eat\u00e9 par les t\u00e9moins, d\u2019autres individus qui l\u2019attendaient \u00e0 bord d\u2019une voiture ont pr\u00e9f\u00e9r\u00e9 prendre la fuite.<\/p>\n<p><img loading=\"lazy\" decoding=\"async\" class=\"aligncenter size-full wp-image-416021\" src=\"https:\/\/www.tunisienumerique.com\/wp-content\/uploads\/2019\/02\/omrane2.jpg\" alt=\"\" width=\"333\" height=\"597\"\/><\/p>\n<div class=\"code-block code-block-1 c4\"><ins class=\"adsbygoogle c3\" data-ad-layout=\"in-article\" data-ad-format=\"fluid\" data-ad-client=\"ca-pub-2102118777505746\" data-ad-slot=\"7301775417\"\/> <\/div>\n<div class=\"mvp-org-wrap mvp-org-logo\" itemprop=\"publisher\" itemscope=\"\" itemtype=\"https:\/\/schema.org\/Organization\"><img decoding=\"async\" src=\"https:\/\/www.tunisienumerique.com\/wp-content\/uploads\/2017\/02\/logo_tunisie_numerique.png\"\/><\/div>\n<div class=\"nc_socialPanel swp_flatFresh swp_d_fullColor swp_i_fullColor swp_o_fullColor scale-100 scale-fullWidth\" data-position=\"none\" data-float=\"floatNone\" data-count=\"5\" data-floatcolor=\"#ffffff\" data-emphasize=\"0\">\n<div class=\"nc_tweetContainer totes totesalt\" data-id=\"6\"><span class=\"swp_count\"><span class=\"swp_label\">Partages<\/span> 21<\/span><\/div>\n<\/div>\n<div class=\"mvp-related-posts left relative\">\n<h4 class=\"post-header\"><span class=\"post-header\">Lire aussi<\/span><\/h4>\n<\/div>\n<\/div>\n<p>Auteur: LM<br \/>\n<a href=\"https:\/\/www.tunisienumerique.com\/tunisie-les-citoyens-arretent-un-individu-en-train-denlever-une-adolescente\/\">Cliquez ici pour lire l&rsquo;article depuis sa source.<\/a><\/p>\n","protected":false},"excerpt":{"rendered":"<p>Partages 21 Des citoyens ont r\u00e9ussi \u00e0 rep\u00e9rer et \u00e0 arr\u00eater un individu qui \u00e9tait en train d\u2019enlever une jeune fille de 13 ans, \u00e0 la Cit\u00e9 Ezzayatine \u00e0 El Omrane. Il voulait la ligoter avec une corde. D\u00e8s qu\u2019il a \u00e9t\u00e9 arr\u00eat\u00e9 par les t\u00e9moins, d\u2019autres individus qui l\u2019attendaient \u00e0 bord d\u2019une voiture ont [&hellip;]<\/p>\n","protected":false},"author":1789,"featured_media":14285,"comment_status":"closed","ping_status":"closed","sticky":false,"template":"","format":"standard","meta":{"fifu_image_url":"","fifu_image_alt":"","footnotes":""},"categories":[73,55],"tags":[],"class_list":["post-14284","post","type-post","status-publish","format-standard","has-post-thumbnail","hentry","category-actualite","category-tunisie"],"_links":{"self":[{"href":"https:\/\/linitiative.ca\/International\/wp-json\/wp\/v2\/posts\/14284","targetHints":{"allow":["GET"]}}],"collection":[{"href":"https:\/\/linitiative.ca\/International\/wp-json\/wp\/v2\/posts"}],"about":[{"href":"https:\/\/linitiative.ca\/International\/wp-json\/wp\/v2\/types\/post"}],"author":[{"embeddable":true,"href":"https:\/\/linitiative.ca\/International\/wp-json\/wp\/v2\/users\/1789"}],"replies":[{"embeddable":true,"href":"https:\/\/linitiative.ca\/International\/wp-json\/wp\/v2\/comments?post=14284"}],"version-history":[{"count":0,"href":"https:\/\/linitiative.ca\/International\/wp-json\/wp\/v2\/posts\/14284\/revisions"}],"wp:featuredmedia":[{"embeddable":true,"href":"https:\/\/linitiative.ca\/International\/wp-json\/"}],"wp:attachment":[{"href":"https:\/\/linitiative.ca\/International\/wp-json\/wp\/v2\/media?parent=14284"}],"wp:term":[{"taxonomy":"category","embeddable":true,"href":"https:\/\/linitiative.ca\/International\/wp-json\/wp\/v2\/categories?post=14284"},{"taxonomy":"post_tag","embeddable":true,"href":"https:\/\/linitiative.ca\/International\/wp-json\/wp\/v2\/tags?post=14284"}],"curies":[{"name":"wp","href":"https:\/\/api.w.org\/{rel}","templated":true}]}}