{"id":142844,"date":"2022-03-11T09:46:11","date_gmt":"2022-03-11T14:46:11","guid":{"rendered":"https:\/\/linitiative.ca\/International\/maroc-mauritanie-m-akhannouch-appelle-a-une-plus-forte-adhesion-des-acteurs-economiques-et-du-secteur-prive-pour-dynamiser-la-cooperation-bilaterale\/"},"modified":"2022-03-11T09:46:11","modified_gmt":"2022-03-11T14:46:11","slug":"maroc-mauritanie-m-akhannouch-appelle-a-une-plus-forte-adhesion-des-acteurs-economiques-et-du-secteur-prive-pour-dynamiser-la-cooperation-bilaterale","status":"publish","type":"post","link":"https:\/\/linitiative.ca\/International\/maroc-mauritanie-m-akhannouch-appelle-a-une-plus-forte-adhesion-des-acteurs-economiques-et-du-secteur-prive-pour-dynamiser-la-cooperation-bilaterale\/","title":{"rendered":"Maroc-Mauritanie : M. Akhannouch appelle \u00e0 une plus forte adh\u00e9sion des acteurs \u00e9conomiques et du secteur priv\u00e9 pour dynamiser la coop\u00e9ration bilat\u00e9rale"},"content":{"rendered":"<div>\n<p><img loading=\"lazy\" decoding=\"async\" width=\"300\" height=\"153\" src=\"https:\/\/linitiative.ca\/International\/wp-content\/uploads\/sites\/23\/2022\/03\/Maroc-Mauritanie-Akhannouch-et-Mohamed-Ould-Bilal-Messoud-300x153-1.jpg\" class=\"attachment-medium size-medium wp-post-image\" alt=\"\" srcset=\"https:\/\/linitiative.ca\/International\/wp-content\/uploads\/sites\/23\/2022\/03\/Maroc-Mauritanie-Akhannouch-et-Mohamed-Ould-Bilal-Messoud-300x153-1.jpg 300w, https:\/\/aujourdhui.ma\/wp-content\/uploads\/2022\/03\/Maroc-Mauritanie-Akhannouch-et-Mohamed-Ould-Bilal-Messoud-274x140.jpg 274w, https:\/\/aujourdhui.ma\/wp-content\/uploads\/2022\/03\/Maroc-Mauritanie-Akhannouch-et-Mohamed-Ould-Bilal-Messoud.jpg 746w, https:\/\/aujourdhui.ma\/wp-content\/uploads\/2022\/03\/Maroc-Mauritanie-Akhannouch-et-Mohamed-Ould-Bilal-Messoud-165x84.jpg 165w, https:\/\/aujourdhui.ma\/wp-content\/uploads\/2022\/03\/Maroc-Mauritanie-Akhannouch-et-Mohamed-Ould-Bilal-Messoud-702x358.jpg 702w\" sizes=\"auto, (max-width: 300px) 100vw, 300px\"><\/p>\n<p><span style=\"font-size: 20px; color: #800000;\"><strong>Le Chef du gouvernement Aziz Akhannouch a appel\u00e9, vendredi \u00e0 Rabat, \u00e0 une plus forte adh\u00e9sion des acteurs \u00e9conomiques et du secteur priv\u00e9 du Maroc et de la Mauritanie afin d\u2019insuffler une nouvelle dynamique \u00e0 la coop\u00e9ration \u00e9conomique et de promouvoir les \u00e9changes commerciaux entre les deux pays.<\/strong><\/span><span id=\"more-402200\"><\/span><\/p>\n<p>M. Akhannouch, qui copr\u00e9sidait les travaux de la huiti\u00e8me session de la Haute Commission mixte maroco-mauritanienne avec le Premier ministre mauritanien, Mohamed Ould Bilal Messoud, a assur\u00e9 qu\u2019une forte implication des op\u00e9rateurs \u00e9conomiques des deux pays permettra la r\u00e9alisation de projets d\u2019investissements conjoints qui profitent aux deux parties, ainsi que la mise en place de projets productifs et de partenariats strat\u00e9giques pouvant servir de mod\u00e8le de coop\u00e9ration Sud-Sud.<\/p>\n<p>Le Chef du gouvernement a soulign\u00e9 que le Maroc et la Mauritanie ont r\u00e9ussi, au cours des derni\u00e8res ann\u00e9es, \u00e0 \u00e9tablir un cadre juridique, dense et diversifi\u00e9, pour la coop\u00e9ration bilat\u00e9rale dans de nombreux domaines, se f\u00e9licitant du dynamisme des relations de coop\u00e9ration entre les deux pays qui s\u2019est traduit par l\u2019acc\u00e9l\u00e9ration du rythme des \u00e9changes de visites et d\u2019expertises, ainsi que par les conventions, m\u00e9morandums d\u2019entente et programmes ex\u00e9cutifs qui seront sign\u00e9s lors de cette session.<\/p>\n<p>Il a indiqu\u00e9 que la 8\u00e8me session de la Haute commission mixte maroco-mauritanienne se veut \u00ab\u00a0une opportunit\u00e9 idoine pour passer en revue et \u00e9valuer le bilan de notre coop\u00e9ration dans les diff\u00e9rents domaines aussi bien politique, \u00e9conomique, culturel que social\u00a0\u00bb et repr\u00e9sente \u00e9galement une occasion pour mener, de concert, une r\u00e9flexion sur les moyens \u00e0 mettre en place pour asseoir un partenariat agissant dans l\u2019optique de l\u2019exploitation optimale des potentialit\u00e9s \u00e9conomiques des deux pays.<\/p>\n<p>Cette rencontre constituera, sans nul doute, \u00ab\u00a0un nouveau jalon dans le processus distingu\u00e9 de nos relations bilat\u00e9rales\u00a0\u00bb, a-t-il soutenu, saluant la dynamique positive que connaissent dor\u00e9navant ces relations et la volont\u00e9 constante de les raffermir et de les d\u00e9velopper au service des int\u00e9r\u00eats des deux pays et des deux peuples fr\u00e8res, sous la conduite \u00e9clair\u00e9e des deux Chefs d\u2019\u00c9tat, SM le Roi Mohammed VI, et Son Excellence le Pr\u00e9sident Mohamed Ould Cheikh El Ghazouani.<\/p>\n<p>Relevant la densit\u00e9 des liens unissant les deux pays sur les plans spirituel et culturel, en raison notamment des constantes religieuses communes, repr\u00e9sent\u00e9es par le rite mal\u00e9kite, le dogme Achaarite, le soufisme et les confr\u00e9ries soufies (Tijaniya, Kadiriyah et Chadiliya), il a not\u00e9 que la R\u00e9publique Islamique de Mauritanie figure parmi les premiers pays africains dont les \u00e9tudiants b\u00e9n\u00e9ficient de bourses et de places p\u00e9dagogiques au sein des divers universit\u00e9s et instituts sup\u00e9rieurs du Royaume.<\/p>\n<p>Par ailleurs, il a signal\u00e9 que la r\u00e9union de la Haute Commission mixte se d\u00e9roule sur fond de profonds changements r\u00e9gionaux, de mutations internationales majeures et de d\u00e9fis s\u00e9curitaires qui interpellent d\u00e9sormais aux pays de la r\u00e9gion, ce qui n\u00e9cessite une intensification de la coordination s\u00e9curitaire entre les deux pays et de la coop\u00e9ration dans tous les domaines li\u00e9s au d\u00e9veloppement, afin de faire face aux risques qui menacent la s\u00e9curit\u00e9 de la r\u00e9gion, notamment l\u2019immigration clandestine, le trafic d\u2019\u00eatres humains et des drogues, le terrorisme, en privil\u00e9giant une approche holistique tenant compte des dimensions s\u00e9curitaire et sociale.<\/p>\n<p>M. Akhannouch a r\u00e9it\u00e9r\u00e9 la volont\u00e9 du Royaume du Maroc d\u2019apporter un soutien financier et logistique aux organisations r\u00e9gionales concern\u00e9es, notamment le Groupe CEN-SAD et le Groupe des cinq \u00c9tats du Sahel (G5 Sahel), ajoutant qu\u2019au niveau continental, le Maroc, guid\u00e9 en cela par les Hautes Orientations de Sa Majest\u00e9 le Roi Mohammed VI et Sa vision d\u2019une Afrique prosp\u00e8re, libre et souveraine, insiste sur l\u2019importance de parachever la r\u00e9forme institutionnelle de l\u2019Union Africaine et de renforcer sa politique de d\u00e9veloppement \u00e9conomique, afin de promouvoir des relations \u00e9quilibr\u00e9es, fond\u00e9es sur la coop\u00e9ration et la solidarit\u00e9 face aux d\u00e9fis.<\/p>\n<p>Et de conclure que \u00ab\u00a0la volont\u00e9 collective et sinc\u00e8re de nos deux pays nous permettra de gagner le pari, de relever les d\u00e9fis et d\u2019atteindre l\u2019objectif de booster le niveau de nos relations distingu\u00e9es dans divers domaines\u00a0\u00bb.<\/p>\n<\/div>\n<p>Auteur: ALM<br \/>\n<a href=\"https:\/\/aujourdhui.ma\/actualite\/maroc-mauritanie-m-akhannouch-appelle-a-une-plus-forte-adhesion-des-acteurs-economiques-et-du-secteur-prive-pour-dynamiser-la-cooperation-bilaterale\">Cliquez ici pour lire l&rsquo;article depuis sa source.<\/a><\/p>\n","protected":false},"excerpt":{"rendered":"<p>Le Chef du gouvernement Aziz Akhannouch a appel\u00e9, vendredi \u00e0 Rabat, \u00e0 une plus forte adh\u00e9sion des acteurs \u00e9conomiques et du secteur priv\u00e9 du Maroc et de la Mauritanie afin d\u2019insuffler une nouvelle dynamique \u00e0 la coop\u00e9ration \u00e9conomique et de promouvoir les \u00e9changes commerciaux entre les deux pays. M. Akhannouch, qui copr\u00e9sidait les travaux de [&hellip;]<\/p>\n","protected":false},"author":1759,"featured_media":0,"comment_status":"closed","ping_status":"closed","sticky":false,"template":"","format":"standard","meta":{"fifu_image_url":"https:\/\/aujourdhui.ma\/wp-content\/uploads\/2022\/03\/Maroc-Mauritanie-Akhannouch-et-Mohamed-Ould-Bilal-Messoud-300x153.jpg","fifu_image_alt":"Maroc-Mauritanie : M. Akhannouch appelle \u00e0 une plus forte adh\u00e9sion des acteurs \u00e9conomiques et du secteur priv\u00e9 pour dynamiser la coop\u00e9ration bilat\u00e9rale","footnotes":""},"categories":[73,54],"tags":[],"class_list":["post-142844","post","type-post","status-publish","format-standard","hentry","category-actualite","category-maroc"],"_links":{"self":[{"href":"https:\/\/linitiative.ca\/International\/wp-json\/wp\/v2\/posts\/142844","targetHints":{"allow":["GET"]}}],"collection":[{"href":"https:\/\/linitiative.ca\/International\/wp-json\/wp\/v2\/posts"}],"about":[{"href":"https:\/\/linitiative.ca\/International\/wp-json\/wp\/v2\/types\/post"}],"author":[{"embeddable":true,"href":"https:\/\/linitiative.ca\/International\/wp-json\/wp\/v2\/users\/1759"}],"replies":[{"embeddable":true,"href":"https:\/\/linitiative.ca\/International\/wp-json\/wp\/v2\/comments?post=142844"}],"version-history":[{"count":0,"href":"https:\/\/linitiative.ca\/International\/wp-json\/wp\/v2\/posts\/142844\/revisions"}],"wp:attachment":[{"href":"https:\/\/linitiative.ca\/International\/wp-json\/wp\/v2\/media?parent=142844"}],"wp:term":[{"taxonomy":"category","embeddable":true,"href":"https:\/\/linitiative.ca\/International\/wp-json\/wp\/v2\/categories?post=142844"},{"taxonomy":"post_tag","embeddable":true,"href":"https:\/\/linitiative.ca\/International\/wp-json\/wp\/v2\/tags?post=142844"}],"curies":[{"name":"wp","href":"https:\/\/api.w.org\/{rel}","templated":true}]}}