{"id":142853,"date":"2022-03-10T13:00:00","date_gmt":"2022-03-10T18:00:00","guid":{"rendered":"https:\/\/linitiative.ca\/International\/election-du-cndh-a-la-vice-presidence-du-ganhri\/"},"modified":"2022-03-10T13:00:00","modified_gmt":"2022-03-10T18:00:00","slug":"election-du-cndh-a-la-vice-presidence-du-ganhri","status":"publish","type":"post","link":"https:\/\/linitiative.ca\/International\/election-du-cndh-a-la-vice-presidence-du-ganhri\/","title":{"rendered":"\u00c9lection du CNDH \u00e0 la vice-pr\u00e9sidence du GANHRI"},"content":{"rendered":"<div>\n<p class=\"has-text-align-center has-vivid-cyan-blue-color has-text-color\"><strong>Alliance mondiale des institutions nationales des droits de l\u2019Homme<\/strong><\/p>\n<p class=\"has-black-color has-text-color\"><strong>Le Conseil national des droits de l\u2019homme (CNDH) a \u00e9t\u00e9 \u00e9lu, mercredi, \u00e0 la t\u00eate du secr\u00e9tariat et \u00e0 la vice-pr\u00e9sidence de l\u2019Alliance mondiale des institutions nationales des droits de l\u2019homme (GANHRI), qui regroupe des INDH repr\u00e9sentant 122 pays.<\/strong><\/p>\n<p class=\"has-black-color has-text-color\">Cette \u00e9lection pour un mandat de trois ans s\u2019est d\u00e9roul\u00e9e mercredi par lors de l\u2019assembl\u00e9e g\u00e9n\u00e9rale de l\u2019alliance mondiale GANHRI, qui m\u00e8ne son action sous les auspices du Haut-commissariat des Nations Unies aux droits de l\u2019Homme.<br \/>\u00ab\u00a0Il s\u2019agit d\u2019un moment cl\u00e9 de la vie du CNDH au niveau international et de l\u2019aboutissement d\u2019une action intense de l\u2019institution ces derni\u00e8res ann\u00e9es\u00a0\u00bb, a affirm\u00e9 sa pr\u00e9sidente Amina Bouayach, rappelant l\u2019\u00e9lection du conseil en novembre dernier comme repr\u00e9sentant du continent africain aupr\u00e8s de l\u2019Alliance mondiale \u00e0 l\u2019occasion de l\u2019assembl\u00e9e g\u00e9n\u00e9rale du R\u00e9seau africain des institutions nationales des droits de l\u2019homme.<br \/>Elle a en outre relev\u00e9 que l\u2019\u00e9lection aujourd\u2019hui du Conseil, en la personne de sa pr\u00e9sidente, illustre les r\u00f4les qu\u2019il remplit sur les plans continental et international et sa pleine implication au service des priorit\u00e9s que sont la protection et la promotion des droits de l\u2019Homme, mais aussi son engagement r\u00e9solu pour le partage d\u2019exp\u00e9riences et de bonnes pratiques avec les institutions et organisations africaines et internationales.<\/p>\n<p class=\"has-black-color has-text-color\">Pour Mme Bouayach, son \u00e9lection \u00e0 la t\u00eate du secr\u00e9tariat de la GANHRI vient aussi couronner la forte implication des membres et cadres du Conseil, notamment en termes de suivi collectif des questions relatives aux droits humains au niveau tant r\u00e9gional qu\u2019international, notamment pendant la pand\u00e9mie de Covid-19.<br \/>Depuis fin 2018, le CNDH pr\u00e9side le groupe de travail sur la migration au sein du R\u00e9seau africain des Institutions nationales des droits de l\u2019Homme. Il a \u00e9t\u00e9 r\u00e9\u00e9lu, en novembre dernier, en tant que repr\u00e9sentant du R\u00e9seau des institutions nationales africaines des droits humains, en qualit\u00e9 de membre du sous-comit\u00e9 charg\u00e9 d\u2019attribuer l\u2019accr\u00e9ditation aux INDH (SCA), relevant de l\u2019Alliance mondiale.<br \/>Le Conseil est \u00e9galement membre du groupe de travail de la coalition sur les entreprises et les droits de l\u2019homme, membre du comit\u00e9 de supervision du R\u00e9seau africain des institutions nationales des droits de l\u2019homme, repr\u00e9sentant la sous-r\u00e9gion nord, ainsi que du groupe de travail de la R\u00e9seau africain des droits de l\u2019enfant, dont il avait initi\u00e9 la proposition de cr\u00e9ation.<\/p>\n<p>L\u2019article <a rel=\"nofollow\" href=\"http:\/\/albayane.press.ma\/election-du-cndh-a-la-vice-presidence-du-ganhri.html\">\u00c9lection du CNDH \u00e0 la vice-pr\u00e9sidence du GANHRI<\/a> est apparu en premier sur <a rel=\"nofollow\" href=\"http:\/\/albayane.press.ma\/\">ALBAYANE<\/a>.<\/p>\n<\/div>\n<p>Auteur: M&rsquo;hammed rahal<br \/>\n<a href=\"http:\/\/albayane.press.ma\/election-du-cndh-a-la-vice-presidence-du-ganhri.html\">Cliquez ici pour lire l&rsquo;article depuis sa source.<\/a><\/p>\n","protected":false},"excerpt":{"rendered":"<p>Alliance mondiale des institutions nationales des droits de l\u2019Homme Le Conseil national des droits de l\u2019homme (CNDH) a \u00e9t\u00e9 \u00e9lu, mercredi, \u00e0 la t\u00eate du secr\u00e9tariat et \u00e0 la vice-pr\u00e9sidence de l\u2019Alliance mondiale des institutions nationales des droits de l\u2019homme (GANHRI), qui regroupe des INDH repr\u00e9sentant 122 pays. Cette \u00e9lection pour un mandat de trois [&hellip;]<\/p>\n","protected":false},"author":1760,"featured_media":0,"comment_status":"closed","ping_status":"closed","sticky":false,"template":"","format":"standard","meta":{"fifu_image_url":"","fifu_image_alt":"","footnotes":""},"categories":[73,54],"tags":[],"class_list":["post-142853","post","type-post","status-publish","format-standard","hentry","category-actualite","category-maroc"],"_links":{"self":[{"href":"https:\/\/linitiative.ca\/International\/wp-json\/wp\/v2\/posts\/142853","targetHints":{"allow":["GET"]}}],"collection":[{"href":"https:\/\/linitiative.ca\/International\/wp-json\/wp\/v2\/posts"}],"about":[{"href":"https:\/\/linitiative.ca\/International\/wp-json\/wp\/v2\/types\/post"}],"author":[{"embeddable":true,"href":"https:\/\/linitiative.ca\/International\/wp-json\/wp\/v2\/users\/1760"}],"replies":[{"embeddable":true,"href":"https:\/\/linitiative.ca\/International\/wp-json\/wp\/v2\/comments?post=142853"}],"version-history":[{"count":0,"href":"https:\/\/linitiative.ca\/International\/wp-json\/wp\/v2\/posts\/142853\/revisions"}],"wp:attachment":[{"href":"https:\/\/linitiative.ca\/International\/wp-json\/wp\/v2\/media?parent=142853"}],"wp:term":[{"taxonomy":"category","embeddable":true,"href":"https:\/\/linitiative.ca\/International\/wp-json\/wp\/v2\/categories?post=142853"},{"taxonomy":"post_tag","embeddable":true,"href":"https:\/\/linitiative.ca\/International\/wp-json\/wp\/v2\/tags?post=142853"}],"curies":[{"name":"wp","href":"https:\/\/api.w.org\/{rel}","templated":true}]}}