{"id":142854,"date":"2022-03-10T13:00:00","date_gmt":"2022-03-10T18:00:00","guid":{"rendered":"https:\/\/linitiative.ca\/International\/les-professionnels-suspendent-leur-mouvement-de-protestation\/"},"modified":"2022-03-10T13:00:00","modified_gmt":"2022-03-10T18:00:00","slug":"les-professionnels-suspendent-leur-mouvement-de-protestation","status":"publish","type":"post","link":"https:\/\/linitiative.ca\/International\/les-professionnels-suspendent-leur-mouvement-de-protestation\/","title":{"rendered":"Les professionnels suspendent leur mouvement de protestation"},"content":{"rendered":"<div>\n<p class=\"has-text-align-center has-vivid-red-color has-text-color\"><strong>Transport touristique<\/strong><\/p>\n<p class=\"has-black-color has-text-color\"><strong>Apr\u00e8s avoir men\u00e9 un sit-in de protestation durant environ 40 jours, les professionnels du transport touristique ont d\u00e9cid\u00e9 de suspendre leur mouvement, apprend-on d\u2019un communiqu\u00e9 rendu public, mercredi 9 mars, par la F\u00e9d\u00e9ration nationale du transport touristique au Maroc (FNTT-Maroc).\u00a0 Selon la m\u00eame source, cette d\u00e9cision a \u00e9t\u00e9 prise suite aux signaux favorables pr\u00e9sageant une sortie de la crise. D\u2019ailleurs, le FNTT-Maroc fait savoir qu\u2019il obtenu des promesses de 5 soci\u00e9t\u00e9s de financement de cr\u00e9dit afin de proc\u00e9der au report du remboursement des dettes au terme de l\u2019ann\u00e9e en cours, et ce apr\u00e8s une intervention du minist\u00e8re du Tourisme, de l\u2019artisanat et de l\u2019\u00e9conomie sociale.<\/strong><\/p>\n<p class=\"has-black-color has-text-color\">En sus de cela, le minist\u00e8re du Transport et de la logistique s\u2019est engag\u00e9 \u00e0 donner suite \u00e0 tous les points contenus dans le dossier revendicatif des professionnels et concernent particuli\u00e8rement le cahier des charges du transport touristique, ajoute le communiqu\u00e9.\u00a0 Abondant dans le m\u00eame ordre d\u2019id\u00e9es, la FNTT-Maroc a fait savoir qu\u2019il sera proc\u00e9d\u00e9\u00a0 \u00e0 l\u2019augmentation de la dur\u00e9e d\u2019utilisation des v\u00e9hicules op\u00e9rant dans le secteur, soit 12 ans au lieu de 10 ans, sans compter les deux ann\u00e9es d\u2019arr\u00eat en raison de la pand\u00e9mie pour les v\u00e9hicules entr\u00e9s en service avant l\u2019ann\u00e9e 2019. Autre point non moins important, celui de fixer la dur\u00e9e d\u2019anciennet\u00e9 des v\u00e9hicules mis sur le march\u00e9 du transport touristique \u00e0 5 ans au lieu de 2 ans.\u00a0<\/p>\n<p class=\"has-black-color has-text-color\">Par ailleurs, la FNTT-Maroc n\u2019a pas manqu\u00e9 \u00e0\u00a0 exprimer son \u00e9tonnement face au mutisme du minist\u00e8re de l\u2019Economie et des finances, qui continue \u00e0 n\u00e9gliger les multiples correspondances des professionnels afin de tenir une r\u00e9union visant \u00e0 examiner tous les probl\u00e8mes du secteur. Ce qui est \u00e9galement pire, c\u2019est que ce d\u00e9partement ne cesse d\u2019imposer aux professionnels les taxes \u00e0 l\u2019essuie pour les ann\u00e9es 2020, 2021 et 2022, lit-on en substance dans le communiqu\u00e9. Qui plus est, cette mesure n\u2019a pas \u00e9pargn\u00e9 les v\u00e9hicules non mobilis\u00e9s durant la p\u00e9riode de la pand\u00e9mie, explique la FNTT-Maroc.\u00a0<\/p>\n<p class=\"has-black-color has-text-color\">Afin de mettre fin \u00e0 une telle situation, la FNTT-Maroc a appel\u00e9 le gouvernement Akhannouch \u00e0 \u00e9mettre une d\u00e9cision sous forme d\u2019un d\u00e9cret ou d\u2019une loi contraignante aux \u00e9tablissements bancaires et aux soci\u00e9t\u00e9s de financement. Certainement, une telle mesure va servir comme r\u00e9f\u00e9rentiel aux juges en cas de poursuite judicaire pour non paiement des \u00e9ch\u00e9ances lors de la p\u00e9riode de pand\u00e9mie.<\/p>\n<p class=\"has-black-color has-text-color\">Il est \u00e0 rappeler que le secteur du transport touristique contient plus de 1700 entreprises et emploie environ 13.000 salari\u00e9s.\u00a0<\/p>\n<p class=\"has-black-color has-text-color\"><strong>Khalid Darfaf<\/strong><\/p>\n<p>L\u2019article <a rel=\"nofollow\" href=\"http:\/\/albayane.press.ma\/les-professionnels-suspendent-leur-mouvement-de-protestation.html\">Les professionnels suspendent leur mouvement de protestation<\/a> est apparu en premier sur <a rel=\"nofollow\" href=\"http:\/\/albayane.press.ma\/\">ALBAYANE<\/a>.<\/p>\n<\/div>\n<p>Auteur: M&rsquo;hammed rahal<br \/>\n<a href=\"http:\/\/albayane.press.ma\/les-professionnels-suspendent-leur-mouvement-de-protestation.html\">Cliquez ici pour lire l&rsquo;article depuis sa source.<\/a><\/p>\n","protected":false},"excerpt":{"rendered":"<p>Transport touristique Apr\u00e8s avoir men\u00e9 un sit-in de protestation durant environ 40 jours, les professionnels du transport touristique ont d\u00e9cid\u00e9 de suspendre leur mouvement, apprend-on d\u2019un communiqu\u00e9 rendu public, mercredi 9 mars, par la F\u00e9d\u00e9ration nationale du transport touristique au Maroc (FNTT-Maroc).\u00a0 Selon la m\u00eame source, cette d\u00e9cision a \u00e9t\u00e9 prise suite aux signaux favorables [&hellip;]<\/p>\n","protected":false},"author":1760,"featured_media":0,"comment_status":"closed","ping_status":"closed","sticky":false,"template":"","format":"standard","meta":{"fifu_image_url":"","fifu_image_alt":"","footnotes":""},"categories":[73,54],"tags":[],"class_list":["post-142854","post","type-post","status-publish","format-standard","hentry","category-actualite","category-maroc"],"_links":{"self":[{"href":"https:\/\/linitiative.ca\/International\/wp-json\/wp\/v2\/posts\/142854","targetHints":{"allow":["GET"]}}],"collection":[{"href":"https:\/\/linitiative.ca\/International\/wp-json\/wp\/v2\/posts"}],"about":[{"href":"https:\/\/linitiative.ca\/International\/wp-json\/wp\/v2\/types\/post"}],"author":[{"embeddable":true,"href":"https:\/\/linitiative.ca\/International\/wp-json\/wp\/v2\/users\/1760"}],"replies":[{"embeddable":true,"href":"https:\/\/linitiative.ca\/International\/wp-json\/wp\/v2\/comments?post=142854"}],"version-history":[{"count":0,"href":"https:\/\/linitiative.ca\/International\/wp-json\/wp\/v2\/posts\/142854\/revisions"}],"wp:attachment":[{"href":"https:\/\/linitiative.ca\/International\/wp-json\/wp\/v2\/media?parent=142854"}],"wp:term":[{"taxonomy":"category","embeddable":true,"href":"https:\/\/linitiative.ca\/International\/wp-json\/wp\/v2\/categories?post=142854"},{"taxonomy":"post_tag","embeddable":true,"href":"https:\/\/linitiative.ca\/International\/wp-json\/wp\/v2\/tags?post=142854"}],"curies":[{"name":"wp","href":"https:\/\/api.w.org\/{rel}","templated":true}]}}