{"id":142855,"date":"2022-03-10T13:00:00","date_gmt":"2022-03-10T18:00:00","guid":{"rendered":"https:\/\/linitiative.ca\/International\/les-deputes-du-pps-reclament-une-mission-denquete-dans-les-za-du-fnideq-et-de-nador\/"},"modified":"2022-03-10T13:00:00","modified_gmt":"2022-03-10T18:00:00","slug":"les-deputes-du-pps-reclament-une-mission-denquete-dans-les-za-du-fnideq-et-de-nador","status":"publish","type":"post","link":"https:\/\/linitiative.ca\/International\/les-deputes-du-pps-reclament-une-mission-denquete-dans-les-za-du-fnideq-et-de-nador\/","title":{"rendered":"Les d\u00e9put\u00e9s du PPS r\u00e9clament une mission d\u2019enqu\u00eate dans les ZA du Fnideq et de Nador"},"content":{"rendered":"<div>\n<p class=\"has-text-align-center has-vivid-red-color has-text-color\"><strong>Parlement<\/strong><\/p>\n<p class=\"has-black-color has-text-color\"><strong>A la suite de la visite du groupe parlementaire du progr\u00e8s et du socialisme (GPS-PPS), le samedi 5 mars 2022 dans la Zone d\u2019activit\u00e9s \u00e9conomiques de Fnideq (ZAEF), le pr\u00e9sident dudit groupe, Rachid Hamouni a adress\u00e9 une demande au pr\u00e9sident de la commission des secteurs productifs \u00e0 la chambre des repr\u00e9sentants pour la constitution d\u2019une mission d\u2019enqu\u00eate temporaire dans la dite zone et dans le site de la future zone d\u2019activit\u00e9s \u00e9conomiques \u00e0 Nador.<\/strong><\/p>\n<p class=\"has-black-color has-text-color\"><strong>Au cours de cette visite de terrain, les membres du GPS ont pu constater de visu l\u2019ampleur des difficult\u00e9s et de la crise auxquelles les commer\u00e7ants, attributaires des premiers entrep\u00f4ts de cette nouvelle zone sont confront\u00e9s.<\/strong><\/p>\n<p class=\"has-black-color has-text-color\"><strong>Au-del\u00e0 de cette demande, faite en vertu de l\u2019article 107 du r\u00e8glement int\u00e9rieur de la Chambre des Repr\u00e9sentants, le groupe parlementaire du PPS aspire en effet \u00e0 la recherche de solutions aux difficult\u00e9s qui entravent l\u2019exploitation optimale de la dite zone sens\u00e9e booster les activit\u00e9s \u00e9conomiques et commerciales dans la r\u00e9gion.<\/strong><\/p>\n<p class=\"has-black-color has-text-color\"><strong>Selon une fiche technique, jointe \u00e0 cette demande, cette mission d\u2019enqu\u00eate dans la zone \u00e9conomique de Fnideq et le site de la future zone \u00e9conomique de Nador devra d\u00e9boucher sur l\u2019\u00e9laboration d\u2019un rapport assorti de recommandations, destin\u00e9es \u00e0 r\u00e9pondre aux questions relatives notamment au cadre juridique et fiscal de ce projet (zone \u00e9conomique, zone commerciale, zone de libre \u00e9change).<\/strong><\/p>\n<p class=\"has-black-color has-text-color\"><strong>Ce rapport devra \u00e9galement donner un aper\u00e7u sur les \u00e9tudes de faisabilit\u00e9 de ce projet et de ses impacts \u00e9conomiques et sociaux pr\u00e9visibles, une fois op\u00e9rationnel. Il devra \u00e9galement se pencher sur le cahier des charges et les \u00e9tapes de r\u00e9alisation du projet ainsi que sur les cr\u00e9dits budg\u00e9taires qui lui ont \u00e9t\u00e9 allou\u00e9s et les parties qui contribuent au financement de sa r\u00e9alisation.<\/strong><\/p>\n<p class=\"has-black-color has-text-color\"><strong>Il est \u00e9galement n\u00e9cessaire de rendre compte du r\u00e9gime de gestion de la Zone d\u2019activit\u00e9s \u00e9conomiques de Fnideq (entr\u00e9e, sortie et transport des marchandises\u2026.), des modalit\u00e9s d\u2019exploitation des entrep\u00f4ts et des crit\u00e8res de s\u00e9lection des attributaires de ce projet.<\/strong><\/p>\n<p class=\"has-black-color has-text-color\"><strong>Le rapport devra \u00e9galement r\u00e9pondre aux questions relatives aux \u00e9quipements disponibles (eau, \u00e9lectricit\u00e9, assainissement, passages, protection contre les risques d\u2019incendies et d\u2019inondations\u2026.) et sugg\u00e9rer des propositions pour la r\u00e9ussite de ce projet.<\/strong><\/p>\n<p class=\"has-black-color has-text-color\"><strong>Pour s\u2019acquitter comme il se doit de sa t\u00e2che, le programme de cette mission devra comporter des rencontres avec un certain nombre de ministres et de responsables. Il devra \u00e9galement comporter des entretiens et des visites dans les r\u00e9gions de Tanger-T\u00e9touan-Hoceima et de l\u2019Oriental et dans leurs provinces.<\/strong><\/p>\n<p class=\"has-black-color has-text-color\"><strong>Il est \u00e0 rappeler que la ZAEF avait accueilli ses premiers attributaires le 12 f\u00e9vrier dernier, qui avaient \u00e9t\u00e9 s\u00e9lectionn\u00e9s, \u00e0 l\u2019issue d\u2019un appel \u00e0 manifestation d\u2019int\u00e9r\u00eat lanc\u00e9 en juin dernier.<\/strong><\/p>\n<p class=\"has-black-color has-text-color\"><strong>Elle est situ\u00e9e a\u0300 une vingtaine de kilom\u00e8tres du port Tanger Med et dot\u00e9e d\u2019infrastructures et d\u2019\u00e9quipements de niveau international.<\/strong><\/p>\n<p class=\"has-black-color has-text-color\"><strong>La premi\u00e8re tranche de ce projet, qui s\u2019\u00e9tend sur 10 ha, est constitu\u00e9e de 76 entrep\u00f4ts et de toutes les commodit\u00e9s et les installations communes n\u00e9cessaires a\u0300 son fonctionnement.<\/strong><\/p>\n<p class=\"has-black-color has-text-color\"><strong>Sa r\u00e9alisation a n\u00e9cessit\u00e9 un investissement de plus de 200 millions de DH, inscrits dans le cadre du programme de d\u00e9veloppement \u00e9conomique et social de la province de T\u00e9touan et de la pr\u00e9fecture de M\u2019diq-Fnideq.<\/strong><\/p>\n<p class=\"has-black-color has-text-color\"><strong>M\u2019Barek TAFSI<\/strong><\/p>\n<p>L\u2019article <a rel=\"nofollow\" href=\"http:\/\/albayane.press.ma\/les-deputes-du-pps-reclament-une-mission-denquete-dans-les-za-du-fnideq-et-de-nador.html\">Les d\u00e9put\u00e9s du PPS r\u00e9clament une mission d\u2019enqu\u00eate dans les ZA du Fnideq et de Nador<\/a> est apparu en premier sur <a rel=\"nofollow\" href=\"http:\/\/albayane.press.ma\/\">ALBAYANE<\/a>.<\/p>\n<\/div>\n<p>Auteur: M&rsquo;hammed rahal<br \/>\n<a href=\"http:\/\/albayane.press.ma\/les-deputes-du-pps-reclament-une-mission-denquete-dans-les-za-du-fnideq-et-de-nador.html\">Cliquez ici pour lire l&rsquo;article depuis sa source.<\/a><\/p>\n","protected":false},"excerpt":{"rendered":"<p>Parlement A la suite de la visite du groupe parlementaire du progr\u00e8s et du socialisme (GPS-PPS), le samedi 5 mars 2022 dans la Zone d\u2019activit\u00e9s \u00e9conomiques de Fnideq (ZAEF), le pr\u00e9sident dudit groupe, Rachid Hamouni a adress\u00e9 une demande au pr\u00e9sident de la commission des secteurs productifs \u00e0 la chambre des repr\u00e9sentants pour la constitution [&hellip;]<\/p>\n","protected":false},"author":1760,"featured_media":0,"comment_status":"closed","ping_status":"closed","sticky":false,"template":"","format":"standard","meta":{"fifu_image_url":"","fifu_image_alt":"","footnotes":""},"categories":[73,54],"tags":[],"class_list":["post-142855","post","type-post","status-publish","format-standard","hentry","category-actualite","category-maroc"],"_links":{"self":[{"href":"https:\/\/linitiative.ca\/International\/wp-json\/wp\/v2\/posts\/142855","targetHints":{"allow":["GET"]}}],"collection":[{"href":"https:\/\/linitiative.ca\/International\/wp-json\/wp\/v2\/posts"}],"about":[{"href":"https:\/\/linitiative.ca\/International\/wp-json\/wp\/v2\/types\/post"}],"author":[{"embeddable":true,"href":"https:\/\/linitiative.ca\/International\/wp-json\/wp\/v2\/users\/1760"}],"replies":[{"embeddable":true,"href":"https:\/\/linitiative.ca\/International\/wp-json\/wp\/v2\/comments?post=142855"}],"version-history":[{"count":0,"href":"https:\/\/linitiative.ca\/International\/wp-json\/wp\/v2\/posts\/142855\/revisions"}],"wp:attachment":[{"href":"https:\/\/linitiative.ca\/International\/wp-json\/wp\/v2\/media?parent=142855"}],"wp:term":[{"taxonomy":"category","embeddable":true,"href":"https:\/\/linitiative.ca\/International\/wp-json\/wp\/v2\/categories?post=142855"},{"taxonomy":"post_tag","embeddable":true,"href":"https:\/\/linitiative.ca\/International\/wp-json\/wp\/v2\/tags?post=142855"}],"curies":[{"name":"wp","href":"https:\/\/api.w.org\/{rel}","templated":true}]}}