{"id":142862,"date":"2022-03-11T04:46:50","date_gmt":"2022-03-11T09:46:50","guid":{"rendered":"https:\/\/linitiative.ca\/International\/mobilisation-pour-un-controle-rigoureux-des-prix-et-de-la-qualite\/"},"modified":"2022-03-11T04:46:50","modified_gmt":"2022-03-11T09:46:50","slug":"mobilisation-pour-un-controle-rigoureux-des-prix-et-de-la-qualite","status":"publish","type":"post","link":"https:\/\/linitiative.ca\/International\/mobilisation-pour-un-controle-rigoureux-des-prix-et-de-la-qualite\/","title":{"rendered":"Mobilisation pour un contr\u00f4le rigoureux des prix et de la qualit\u00e9"},"content":{"rendered":"<div>\n<div style=\"margin-bottom:20px;\"><img loading=\"lazy\" decoding=\"async\" width=\"750\" height=\"430\" src=\"https:\/\/linitiative.ca\/International\/wp-content\/uploads\/sites\/23\/2022\/03\/Sraghna-prix.jpg\" class=\"attachment-post-thumbnail size-post-thumbnail wp-post-image\" alt=\"\" srcset=\"https:\/\/linitiative.ca\/International\/wp-content\/uploads\/sites\/23\/2022\/03\/Sraghna-prix.jpg 750w, https:\/\/www.mapmarrakech.ma\/map\/uploads\/2022\/03\/Sraghna-prix-300x172.jpg 300w\" sizes=\"auto, (max-width: 750px) 100vw, 750px\"><\/div>\n<p>Ainsi, cette commission m\u00e8ne une s\u00e9rie d\u2019actions de contr\u00f4le et de suivi minutieux de l\u2019\u00e9tat d\u2019approvisionnement des diff\u00e9rents march\u00e9s et points de vente au niveau provincial, tout en surveillant les prix, et en veillant sur le respect de la qualit\u00e9, de la salubrit\u00e9, ainsi que des conditions de stockage des denr\u00e9es alimentaire et ce, dans l\u2019optique de pr\u00e9server la sant\u00e9 des consommateurs et le pouvoir d\u2019achat des m\u00e9nages, notamment ceux issus de milieux vuln\u00e9rables.<\/p>\n<p>Une tourn\u00e9e effectu\u00e9e jeudi dans plusieurs points de vente et de march\u00e9s de la ville d\u2019El Kela\u00e2 des\u00a0Sraghna, par une \u00e9quipe de M24, chaine t\u00e9l\u00e9vis\u00e9e de l\u2019information en continu de la MAP, a \u00e9t\u00e9 l\u2019occasion de s\u2019arr\u00eater sur l\u2019ensemble des efforts d\u00e9ploy\u00e9s par les diff\u00e9rents services concern\u00e9s, afin de s\u2019assurer que l\u2019approvisionnement des march\u00e9s en denr\u00e9es alimentaires se fait de mani\u00e8re normale et en quantit\u00e9s suffisantes, notamment \u00e0 l\u2019approche du mois sacr\u00e9 du Ramadan o\u00f9, la demande en certains produits de large consommation se fait sentir de plus en plus.<\/p>\n<p>Dans le cadre de ses visites quotidiennes et inopin\u00e9es, la commission mixte provinciale veille aussi \u00e0 lutter contre tous les agissements frauduleux et autres pratiques commerciales illicites, \u00e0 m\u00eame de porter atteinte directement \u00e0 la sant\u00e9 des citoyens ou encore \u00e0 leur pouvoir d\u2019achat.<\/p>\n<p>S\u2019inscrivant dans le sillage des missions de routine de la commission mixte provinciale, cette tourn\u00e9e a servi aussi d\u2019occasion pour les membres de la commission mixte provinciale de contr\u00f4le, de sensibiliser les diff\u00e9rents commer\u00e7ants sur l\u2019imp\u00e9ratif de se conformer scrupuleusement aux lois en vigueur, et de veiller au respect des conditions d\u2019hygi\u00e8ne, de fraicheur et de la qualit\u00e9 des produits.<\/p>\n<p>Dans une d\u00e9claration \u00e0 M24, M. Mohamed Lakhdar, chef par int\u00e9rim de la Division des Affaires Economiques et de la Coordination (DAEC), \u00e0 la Province d\u2019El Kela\u00e2 des\u00a0Sraghna, a fait savoir que cette tourn\u00e9e s\u2019ins\u00e8re dans le cadre du travail quotidien de la commission mixte provinciale de contr\u00f4le des prix et de la qualit\u00e9 des produits alimentaires visant \u00e0 s\u2019assurer du respect par les commer\u00e7ants et vendeurs des prix r\u00e9glementaires des produits alimentaire, et \u00e0 rappeler la n\u00e9cessit\u00e9 de veiller sur l\u2019affichage des prix, des conditions li\u00e9es \u00e0 la salubrit\u00e9, \u00e0 l\u2019hygi\u00e8ne, et au stockage des denr\u00e9es alimentaires propos\u00e9es \u00e0 la vente.<\/p>\n<p>Dans ce cadre, cette commission mixte permanente compos\u00e9e, notamment de repr\u00e9sentants des autorit\u00e9s locales, de la DAEC, de l\u2019ONSSA, du minist\u00e8re de la Sant\u00e9 et de la Protection Sociale, de la police et des forces auxiliaires, intervient pour lutter contre toute forme de monopole, de sp\u00e9culation, d\u2019augmentation ill\u00e9gale des prix, et l\u2019usage des sacs en plastique ou, tout autre agissement de nature \u00e0 porter atteinte \u00e0 la s\u00e9curit\u00e9 et \u00e0 la protection du consommateur, en dressant des PV \u00e0 l\u2019encontre des contrevenants avant leur soumission au Parquet comp\u00e9tent.<\/p>\n<p>Dans la m\u00eame lign\u00e9e, cette commission, dans le cadre de l\u2019exercice de ses comp\u00e9tences, peut \u00e9galement proc\u00e9der \u00e0 la saisie et \u00e0 la destruction de produits impropres \u00e0 la consommation ou contraires aux crit\u00e8res li\u00e9s \u00e0 la qualit\u00e9, a-t-il pr\u00e9cis\u00e9.<\/p>\n<p>Et M. Lakhdar de poursuivre qu\u2019\u00e0 l\u2019approche du mois b\u00e9ni de Ramadan, la commission mixte provinciale de contr\u00f4le des prix et de la qualit\u00e9 des produits ne cesse de doubler d\u2019efforts tout en assurant un suivi minutieux de l\u2019\u00e9tat d\u2019approvisionnement des march\u00e9s, et de la qualit\u00e9 des denr\u00e9es alimentaires et par l\u00e0, de veiller \u00e0 la protection du pouvoir d\u2019achat des m\u00e9nages.<\/p>\n<p>\u00ab\u00a0A travers les multiples visites et tourn\u00e9es qu\u2019effectue cette commission dans diff\u00e9rents points de vente au niveau de l\u2019ensemble des communes territoriales relevant de la province, il est \u00e0 constater que les march\u00e9s sont approvisionn\u00e9s de mani\u00e8re suffisante, que l\u2019offre d\u00e9passe la demande, et que les diff\u00e9rents produits alimentaires sont disponibles en abondance, \u00e0 l\u2019exception, toutefois, de certains produits dont le prix connait une augmentation l\u00e9g\u00e8re, en raison de la d\u00e9pendance directe de la conjoncture \u00e9conomique internationale\u00a0\u00bb, a-t-il conclu.<\/p>\n<p>The post <a rel=\"nofollow\" href=\"https:\/\/www.mapmarrakech.ma\/fr\/mobilisation-permanente-pour-un-controle-rigoureux-des-prix-et-de-la-qualite\/\">Mobilisation pour un contr\u00f4le rigoureux des prix et de la qualit\u00e9<\/a> appeared first on <a rel=\"nofollow\" href=\"https:\/\/www.mapmarrakech.ma\/fr\">MapMarrakech<\/a>.<\/p>\n<\/div>\n<p>Auteur: Mohammed KOURSI<br \/>\n<a href=\"https:\/\/www.mapmarrakech.ma\/fr\/mobilisation-permanente-pour-un-controle-rigoureux-des-prix-et-de-la-qualite\/\">Cliquez ici pour lire l&rsquo;article depuis sa source.<\/a><\/p>\n","protected":false},"excerpt":{"rendered":"<p>Ainsi, cette commission m\u00e8ne une s\u00e9rie d\u2019actions de contr\u00f4le et de suivi minutieux de l\u2019\u00e9tat d\u2019approvisionnement des diff\u00e9rents march\u00e9s et points de vente au niveau provincial, tout en surveillant les prix, et en veillant sur le respect de la qualit\u00e9, de la salubrit\u00e9, ainsi que des conditions de stockage des denr\u00e9es alimentaire et ce, dans [&hellip;]<\/p>\n","protected":false},"author":1788,"featured_media":0,"comment_status":"closed","ping_status":"closed","sticky":false,"template":"","format":"standard","meta":{"fifu_image_url":"https:\/\/www.mapmarrakech.ma\/map\/uploads\/2022\/03\/Sraghna-prix.jpg","fifu_image_alt":"Mobilisation pour un contr\u00f4le rigoureux des prix et de la qualit\u00e9","footnotes":""},"categories":[54,76],"tags":[],"class_list":["post-142862","post","type-post","status-publish","format-standard","hentry","category-maroc","category-regions"],"_links":{"self":[{"href":"https:\/\/linitiative.ca\/International\/wp-json\/wp\/v2\/posts\/142862","targetHints":{"allow":["GET"]}}],"collection":[{"href":"https:\/\/linitiative.ca\/International\/wp-json\/wp\/v2\/posts"}],"about":[{"href":"https:\/\/linitiative.ca\/International\/wp-json\/wp\/v2\/types\/post"}],"author":[{"embeddable":true,"href":"https:\/\/linitiative.ca\/International\/wp-json\/wp\/v2\/users\/1788"}],"replies":[{"embeddable":true,"href":"https:\/\/linitiative.ca\/International\/wp-json\/wp\/v2\/comments?post=142862"}],"version-history":[{"count":0,"href":"https:\/\/linitiative.ca\/International\/wp-json\/wp\/v2\/posts\/142862\/revisions"}],"wp:attachment":[{"href":"https:\/\/linitiative.ca\/International\/wp-json\/wp\/v2\/media?parent=142862"}],"wp:term":[{"taxonomy":"category","embeddable":true,"href":"https:\/\/linitiative.ca\/International\/wp-json\/wp\/v2\/categories?post=142862"},{"taxonomy":"post_tag","embeddable":true,"href":"https:\/\/linitiative.ca\/International\/wp-json\/wp\/v2\/tags?post=142862"}],"curies":[{"name":"wp","href":"https:\/\/api.w.org\/{rel}","templated":true}]}}