{"id":142866,"date":"2022-03-11T05:27:39","date_gmt":"2022-03-11T10:27:39","guid":{"rendered":"https:\/\/linitiative.ca\/International\/la-richesse-de-lhistoire-de-la-communaute-juive-sous-les-projecteurs\/"},"modified":"2022-03-11T05:27:39","modified_gmt":"2022-03-11T10:27:39","slug":"la-richesse-de-lhistoire-de-la-communaute-juive-sous-les-projecteurs","status":"publish","type":"post","link":"https:\/\/linitiative.ca\/International\/la-richesse-de-lhistoire-de-la-communaute-juive-sous-les-projecteurs\/","title":{"rendered":"La richesse de l\u2019histoire de la communaut\u00e9 juive sous les projecteurs"},"content":{"rendered":"<div>\n<div style=\"margin-bottom:20px;\"><img loading=\"lazy\" decoding=\"async\" width=\"750\" height=\"430\" src=\"https:\/\/linitiative.ca\/International\/wp-content\/uploads\/sites\/23\/2022\/03\/Chaire-lancement-1.jpg\" class=\"attachment-post-thumbnail size-post-thumbnail wp-post-image\" alt=\"\" srcset=\"https:\/\/linitiative.ca\/International\/wp-content\/uploads\/sites\/23\/2022\/03\/Chaire-lancement-1.jpg 750w, https:\/\/www.mapmarrakech.ma\/map\/uploads\/2022\/03\/Chaire-lancement-300x172.jpg 300w\" sizes=\"auto, (max-width: 750px) 100vw, 750px\"><\/div>\n<p>Les intervenants lors de cet important conclave, rehauss\u00e9 par la participation de M. Andr\u00e9 Azoulay, Conseiller de SM le Roi et Pr\u00e9sident Fondateur de l\u2019Association\u00a0Essaouira-Mogador, d\u2019\u00e9minentes personnalit\u00e9s et d\u2019un parterre d\u2019experts et de chercheurs, venus des quatre coins du monde, ont jet\u00e9 la lumi\u00e8re sur cet h\u00e9ritage combien s\u00e9culaire, vari\u00e9 et riche en enseignements pour les g\u00e9n\u00e9rations actuelles et montantes.<\/p>\n<p>Dans ce sillage, le professeur \u00e0 l\u2019Universit\u00e9 de Bar Ilan Tel Aviv, M. Shimon Ohayon, s\u2019est attard\u00e9 sur les diff\u00e9rents aspects de cette histoire mill\u00e9naire de la communaut\u00e9 juive marocaine, li\u00e9s entre autres aux volets linguistique, culturel, musical et gastronomique, avec un focus tr\u00e8s particulier sur la contribution incommensurable de ce legs dans l\u2019\u00e9dification de la soci\u00e9t\u00e9 isra\u00e9lienne.<\/p>\n<p>L\u2019expert n\u2019a pas manqu\u00e9 de se f\u00e9liciter de la dynamique enclench\u00e9e, dans ce sens, depuis\u00a0Essaouira\u00a0et la d\u00e9marche pr\u00f4n\u00e9e \u00e0 cet effet par l\u2019Association\u00a0Essaouira-Mogador, tout en saluant la cr\u00e9ation du centre d\u2019\u00e9tudes et de recherche en droit h\u00e9bra\u00efque au Maroc en tant que source d\u2019inspiration.<\/p>\n<p>Avec cette d\u00e9marche et ce genre d\u2019initiatives, \u00ab\u00a0nous mettons en place un cadre de leadership\u00a0\u00bb en mati\u00e8re de droit h\u00e9bra\u00efque marocain, a encha\u00een\u00e9 M. Ohayon.<\/p>\n<p>De son c\u00f4t\u00e9, le directeur de l\u2019Acad\u00e9mie r\u00e9gionale de l\u2019\u00e9ducation et de la formation (AREF) de Casablanca-Settat, M. Abdelmoumen Talib, a pr\u00e9sent\u00e9 un expos\u00e9 dans lequel il a pass\u00e9 en revue le bilan d\u2019\u00e9tape des r\u00e9alisations accomplies dans le cadre de la Convention tripartite, conclue en juin 2021, entre l\u2019Association\u00a0Essaouira-Mogador, l\u2019AREF et le centre d\u2019\u00e9tudes et de recherche en droit h\u00e9bra\u00efque au Maroc pour la promotion des valeurs de tol\u00e9rance et de diversit\u00e9 au sein des \u00e9tablissements scolaires.<\/p>\n<p>Ainsi, M. Talib a fait savoir que le nombre de clubs de tol\u00e9rance cr\u00e9\u00e9s au sein des diff\u00e9rents \u00e9tablissements d\u2019enseignement relevant du ressort territorial de l\u2019AREF a atteint 2.090 en 2021, dont 1.310 au niveau de l\u2019enseignement public et 780 dans le priv\u00e9, sachant que le nombre d\u2019\u00e9l\u00e8ves b\u00e9n\u00e9ficiaires de ces structures au cours de l\u2019ann\u00e9e scolaire 2020\/2021 s\u2019est \u00e9tabli \u00e0 75.532.<\/p>\n<p>En termes d\u2019activit\u00e9s, le responsable a relev\u00e9, entre autres, la pr\u00e9sentation notamment de 150 pi\u00e8ces th\u00e9\u00e2trales, la mise sur pied d\u2019une chorale plurilingue (Arabe, Amazigh, H\u00e9breu, Fran\u00e7ais,\u2026), la r\u00e9alisation de 200 capsules vid\u00e9os de sensibilisation, la tenue d\u2019une s\u00e9rie d\u2019expositions th\u00e9matiques, 64 rencontres de r\u00e9flexion, des comp\u00e9titions sportives, la r\u00e9alisation d\u2019affiches et de d\u00e9pliants, l\u2019\u00e9laboration d\u2019un dispositif de formation pour l\u2019\u00e9ducation par les pairs, l\u2019organisation d\u2019une caravane de tol\u00e9rance, des sessions de formation au profit de 494 professeurs animateurs et la conception d\u2019une cinquantaine de bandes dessin\u00e9es, outre l\u2019\u00e9laboration d\u2019un guide desdits clubs de tol\u00e9rance.<\/p>\n<p>Il a \u00e9galement pr\u00e9cis\u00e9 que l\u2019Acad\u00e9mie pr\u00e9voit la cr\u00e9ation de 1.000 clubs suppl\u00e9mentaires durant l\u2019ann\u00e9e en cours, des visites au profit de 1.000 apprenants \u00e0 Bayt Dakira, des sessions de formation au profit de 600 professeurs-animateurs, d\u2019un concours du meilleur club de tol\u00e9rance et le lancement du prix de la meilleure capsule de sensibilisation en 2022, ainsi que l\u2019\u00e9laboration d\u2019une revue scolaire avec les meilleures pratiques en la mati\u00e8re.<\/p>\n<p>Ce projet de cr\u00e9ation des clubs de tol\u00e9rance a eu un impact positif tangible sur la vie scolaire au niveau des \u00e9tablissements relevant de l\u2019AREF de Casablanca-Settat, a-t-il conclu.<\/p>\n<p>Le directeur de la Chaire du Droit h\u00e9bra\u00efque au Maroc et vice-pr\u00e9sident du centre d\u2019\u00e9tudes et de recherche en droit h\u00e9bra\u00efque au Maroc, M. Farid El Bacha a, quant \u00e0 lui, qualifi\u00e9 d\u2019historiques ces moments qu\u2019Essaouira\u00a0vient de vivre deux jours durant, soulignant que \u00ab\u00a0notre identit\u00e9 plurielle s\u2019exprime notamment par le bas\u00a0\u00bb, gr\u00e2ce notamment \u00e0 l\u2019action de la soci\u00e9t\u00e9 civile, comme en t\u00e9moigne le lancement de cette chaire universitaire.<\/p>\n<p>La prise de conscience de cette d\u00e9marche touche d\u00e9sormais le plus grand nombre, a-t-il soutenu, annon\u00e7ant la cr\u00e9ation \u00e0 la Facult\u00e9 de Droit de Rabat-Agdal d\u2019un club de la diversit\u00e9 et de la tol\u00e9rance, le premier du genre \u00e0 l\u2019\u00e9chelle des universit\u00e9s marocaines.<\/p>\n<p>Abondant dans le m\u00eame sens, le pr\u00e9sident du centre d\u2019\u00e9tudes et de recherche en droit h\u00e9bra\u00efque au Maroc, M. Abdellah Ouzitane, a mis en relief ces moments \u00ab\u00a0exaltants\u00a0\u00bb et \u00ab\u00a0historiques\u00a0\u00bb qu\u2019a v\u00e9cus la Cit\u00e9 des Aliz\u00e9s le temps de cet important colloque international, tout en saluant l\u2019engagement et la mobilisation des diff\u00e9rents partenaires pour la transmission de ce legs s\u00e9culaire et le succ\u00e8s des travaux de cette rencontre.<\/p>\n<p>Pour sa part, le pr\u00e9sident de la F\u00e9d\u00e9ration S\u00e9pharade du Canada, M. Avraham Elarar, a not\u00e9 que le Maroc dispose d\u2019un vaste recueil de pr\u00e9c\u00e9dents juridiques qui font partie de la loi administr\u00e9e par les tribunaux juifs.<\/p>\n<p>Ainsi, la cr\u00e9ation de la Chaire contribuera grandement \u00e0 la promotion des \u00e9tudes et des recherches sur le droit h\u00e9bra\u00efque, a-t-il expliqu\u00e9, tout en se f\u00e9licitant du lancement de cette initiative, qui ouvrira de grandes perspectives pour la connaissance davantage du patrimoine juif dans le contexte du Maroc.<\/p>\n<p>Enfin, les intervenants ont insist\u00e9 sur la n\u00e9cessit\u00e9 de continuer \u00e0 conjuguer les efforts afin de franchir d\u2019autres seuils, faisant constater qu\u2019avec de telles initiatives,\u00a0Essaouira\u00a0et Bayt Dakira, en particulier, ce haut-lieu embl\u00e9matique et charg\u00e9 d\u2019histoires \u00ab\u00a0prend de l\u2019envol pour apporter notre regard au monde entier\u00a0\u00bb.<\/p>\n<p>Ce colloque international a \u00e9t\u00e9 initi\u00e9 conjointement, sous le th\u00e8me \u00ab\u00a0L\u2019enseignement de nos diversit\u00e9s au c\u0153ur de la modernit\u00e9 de notre soci\u00e9t\u00e9\u00a0\u00bb, par le centre d\u2019\u00e9tudes et de recherche en droit h\u00e9bra\u00efque au Maroc, la Fondation Konrad Adenauer, l\u2019Association\u00a0Essaouira-Mogador, Bayt Dakira et la F\u00e9d\u00e9ration S\u00e9pharade du Canada.<\/p>\n<p>The post <a rel=\"nofollow\" href=\"https:\/\/www.mapmarrakech.ma\/fr\/la-richesse-de-lhistoire-de-la-communaute-juive-marocaine-sous-les-projecteurs\/\">La richesse de l\u2019histoire de la communaut\u00e9 juive sous les projecteurs<\/a> appeared first on <a rel=\"nofollow\" href=\"https:\/\/www.mapmarrakech.ma\/fr\">MapMarrakech<\/a>.<\/p>\n<\/div>\n<p>Auteur: Mohammed KOURSI<br \/>\n<a href=\"https:\/\/www.mapmarrakech.ma\/fr\/la-richesse-de-lhistoire-de-la-communaute-juive-marocaine-sous-les-projecteurs\/\">Cliquez ici pour lire l&rsquo;article depuis sa source.<\/a><\/p>\n","protected":false},"excerpt":{"rendered":"<p>Les intervenants lors de cet important conclave, rehauss\u00e9 par la participation de M. Andr\u00e9 Azoulay, Conseiller de SM le Roi et Pr\u00e9sident Fondateur de l\u2019Association\u00a0Essaouira-Mogador, d\u2019\u00e9minentes personnalit\u00e9s et d\u2019un parterre d\u2019experts et de chercheurs, venus des quatre coins du monde, ont jet\u00e9 la lumi\u00e8re sur cet h\u00e9ritage combien s\u00e9culaire, vari\u00e9 et riche en enseignements pour [&hellip;]<\/p>\n","protected":false},"author":1788,"featured_media":0,"comment_status":"closed","ping_status":"closed","sticky":false,"template":"","format":"standard","meta":{"fifu_image_url":"https:\/\/www.mapmarrakech.ma\/map\/uploads\/2022\/03\/Chaire-lancement.jpg","fifu_image_alt":"La richesse de l\u2019histoire de la communaut\u00e9 juive sous les projecteurs","footnotes":""},"categories":[54,76],"tags":[],"class_list":["post-142866","post","type-post","status-publish","format-standard","hentry","category-maroc","category-regions"],"_links":{"self":[{"href":"https:\/\/linitiative.ca\/International\/wp-json\/wp\/v2\/posts\/142866","targetHints":{"allow":["GET"]}}],"collection":[{"href":"https:\/\/linitiative.ca\/International\/wp-json\/wp\/v2\/posts"}],"about":[{"href":"https:\/\/linitiative.ca\/International\/wp-json\/wp\/v2\/types\/post"}],"author":[{"embeddable":true,"href":"https:\/\/linitiative.ca\/International\/wp-json\/wp\/v2\/users\/1788"}],"replies":[{"embeddable":true,"href":"https:\/\/linitiative.ca\/International\/wp-json\/wp\/v2\/comments?post=142866"}],"version-history":[{"count":0,"href":"https:\/\/linitiative.ca\/International\/wp-json\/wp\/v2\/posts\/142866\/revisions"}],"wp:attachment":[{"href":"https:\/\/linitiative.ca\/International\/wp-json\/wp\/v2\/media?parent=142866"}],"wp:term":[{"taxonomy":"category","embeddable":true,"href":"https:\/\/linitiative.ca\/International\/wp-json\/wp\/v2\/categories?post=142866"},{"taxonomy":"post_tag","embeddable":true,"href":"https:\/\/linitiative.ca\/International\/wp-json\/wp\/v2\/tags?post=142866"}],"curies":[{"name":"wp","href":"https:\/\/api.w.org\/{rel}","templated":true}]}}