{"id":142868,"date":"2022-03-11T05:34:50","date_gmt":"2022-03-11T10:34:50","guid":{"rendered":"https:\/\/linitiative.ca\/International\/adoption-dun-projet-de-decret-relatif-a-lormva-du-haouz\/"},"modified":"2022-03-11T05:34:50","modified_gmt":"2022-03-11T10:34:50","slug":"adoption-dun-projet-de-decret-relatif-a-lormva-du-haouz","status":"publish","type":"post","link":"https:\/\/linitiative.ca\/International\/adoption-dun-projet-de-decret-relatif-a-lormva-du-haouz\/","title":{"rendered":"Adoption d\u2019un projet de d\u00e9cret relatif \u00e0 l\u2019ORMVA du Haouz"},"content":{"rendered":"<div>\n<div style=\"margin-bottom:20px;\"><img loading=\"lazy\" decoding=\"async\" width=\"750\" height=\"430\" src=\"https:\/\/linitiative.ca\/International\/wp-content\/uploads\/sites\/23\/2022\/03\/ORMVA.jpg\" class=\"attachment-post-thumbnail size-post-thumbnail wp-post-image\" alt=\"\" srcset=\"https:\/\/linitiative.ca\/International\/wp-content\/uploads\/sites\/23\/2022\/03\/ORMVA.jpg 750w, https:\/\/www.mapmarrakech.ma\/map\/uploads\/2022\/03\/ORMVA-300x172.jpg 300w\" sizes=\"auto, (max-width: 750px) 100vw, 750px\"><\/div>\n<p>Pr\u00e9sent\u00e9 par le ministre de l\u2019Agriculture, de la p\u00eache maritime, du d\u00e9veloppement rural et des eaux et for\u00eats, Mohamed Sadiki, ce texte vise \u00e0 \u00e9largir la zone d\u2019action de l\u2019ORMVA du Haouz pour inclure les deux p\u00e9rim\u00e8tres d\u2019irrigation \u201cAssif El Mal\u201d sur une superficie 10.000 hectares dans la province de Chichaoua et \u201cKsob\u201d qui s\u2019\u00e9tend sur 1.500 hectares dans la province d\u2019Essaouira, a indiqu\u00e9 le ministre d\u00e9l\u00e9gu\u00e9 charg\u00e9 des Relations avec le parlement, porte-parole du gouvernement, Mustapha Baitas, lors d\u2019un point de presse \u00e0 l\u2019issue du Conseil.<\/p>\n<p>L\u2019\u00e9largissement de la zone d\u2019action de l\u2019ORMVA du Haouz, qui se fera sous la supervision de la direction r\u00e9gionale d\u2019Agriculture de Marrakech-Safi, tient compte des qualifications et comp\u00e9tences techniques et professionnelles et la grande exp\u00e9rience de cet Office dans l\u2019exploitation des \u00e9quipements d\u2019irrigation et l\u2019accompagnement des agriculteurs en mati\u00e8re de valorisation des terres irrigu\u00e9es, a ajout\u00e9 le ministre.<\/p>\n<p>The post <a rel=\"nofollow\" href=\"https:\/\/www.mapmarrakech.ma\/fr\/adoption-dun-projet-de-decret-relatif-a-lormva-du-haouz\/\">Adoption d\u2019un projet de d\u00e9cret relatif \u00e0 l\u2019ORMVA du Haouz<\/a> appeared first on <a rel=\"nofollow\" href=\"https:\/\/www.mapmarrakech.ma\/fr\">MapMarrakech<\/a>.<\/p>\n<\/div>\n<p>Auteur: Mohammed KOURSI<br \/>\n<a href=\"https:\/\/www.mapmarrakech.ma\/fr\/adoption-dun-projet-de-decret-relatif-a-lormva-du-haouz\/\">Cliquez ici pour lire l&rsquo;article depuis sa source.<\/a><\/p>\n","protected":false},"excerpt":{"rendered":"<p>Pr\u00e9sent\u00e9 par le ministre de l\u2019Agriculture, de la p\u00eache maritime, du d\u00e9veloppement rural et des eaux et for\u00eats, Mohamed Sadiki, ce texte vise \u00e0 \u00e9largir la zone d\u2019action de l\u2019ORMVA du Haouz pour inclure les deux p\u00e9rim\u00e8tres d\u2019irrigation \u201cAssif El Mal\u201d sur une superficie 10.000 hectares dans la province de Chichaoua et \u201cKsob\u201d qui s\u2019\u00e9tend [&hellip;]<\/p>\n","protected":false},"author":1788,"featured_media":0,"comment_status":"closed","ping_status":"closed","sticky":false,"template":"","format":"standard","meta":{"fifu_image_url":"https:\/\/www.mapmarrakech.ma\/map\/uploads\/2022\/03\/ORMVA.jpg","fifu_image_alt":"Adoption d\u2019un projet de d\u00e9cret relatif \u00e0 l\u2019ORMVA du Haouz","footnotes":""},"categories":[54,76],"tags":[],"class_list":["post-142868","post","type-post","status-publish","format-standard","hentry","category-maroc","category-regions"],"_links":{"self":[{"href":"https:\/\/linitiative.ca\/International\/wp-json\/wp\/v2\/posts\/142868","targetHints":{"allow":["GET"]}}],"collection":[{"href":"https:\/\/linitiative.ca\/International\/wp-json\/wp\/v2\/posts"}],"about":[{"href":"https:\/\/linitiative.ca\/International\/wp-json\/wp\/v2\/types\/post"}],"author":[{"embeddable":true,"href":"https:\/\/linitiative.ca\/International\/wp-json\/wp\/v2\/users\/1788"}],"replies":[{"embeddable":true,"href":"https:\/\/linitiative.ca\/International\/wp-json\/wp\/v2\/comments?post=142868"}],"version-history":[{"count":0,"href":"https:\/\/linitiative.ca\/International\/wp-json\/wp\/v2\/posts\/142868\/revisions"}],"wp:attachment":[{"href":"https:\/\/linitiative.ca\/International\/wp-json\/wp\/v2\/media?parent=142868"}],"wp:term":[{"taxonomy":"category","embeddable":true,"href":"https:\/\/linitiative.ca\/International\/wp-json\/wp\/v2\/categories?post=142868"},{"taxonomy":"post_tag","embeddable":true,"href":"https:\/\/linitiative.ca\/International\/wp-json\/wp\/v2\/tags?post=142868"}],"curies":[{"name":"wp","href":"https:\/\/api.w.org\/{rel}","templated":true}]}}