{"id":142872,"date":"2022-03-10T15:19:19","date_gmt":"2022-03-10T20:19:19","guid":{"rendered":"https:\/\/linitiative.ca\/International\/la-hausse-des-prix-des-tomates-liee-a-laugmentation-de-la-demande-mondiale\/"},"modified":"2022-03-10T15:19:19","modified_gmt":"2022-03-10T20:19:19","slug":"la-hausse-des-prix-des-tomates-liee-a-laugmentation-de-la-demande-mondiale","status":"publish","type":"post","link":"https:\/\/linitiative.ca\/International\/la-hausse-des-prix-des-tomates-liee-a-laugmentation-de-la-demande-mondiale\/","title":{"rendered":"La hausse des prix des tomates li\u00e9e \u00e0 l\u2019augmentation de la demande mondiale"},"content":{"rendered":"<div>\n<div style=\"margin-bottom:20px;\"><img loading=\"lazy\" decoding=\"async\" width=\"750\" height=\"430\" src=\"https:\/\/linitiative.ca\/International\/wp-content\/uploads\/sites\/23\/2022\/03\/Tomates-au-marchC3A9-de-gros-750C397430-MAP.jpg\" class=\"attachment-post-thumbnail size-post-thumbnail wp-post-image\" alt=\"\" srcset=\"https:\/\/linitiative.ca\/International\/wp-content\/uploads\/sites\/23\/2022\/03\/Tomates-au-marchC3A9-de-gros-750C397430-MAP.jpg 750w, https:\/\/www.mapoujda.ma\/map\/uploads\/2022\/01\/Tomates-au-march\u00e9-de-gros-750\u00d7430-MAP-300x172.jpg 300w\" sizes=\"auto, (max-width: 750px) 100vw, 750px\"><\/div>\n<p style=\"text-align: justify;\">La production de tomates au Maroc est tr\u00e8s suffisante et la fili\u00e8re ne conna\u00eet aucun probl\u00e8me en mati\u00e8re de disponibilit\u00e9 du produit, a rassur\u00e9 jeudi le ministre d\u00e9l\u00e9gu\u00e9 charg\u00e9 des Relations avec le Parlement, porte-parole du gouvernement, Mustapha Baitas.<\/p>\n<p style=\"text-align: justify;\">M. Baitas, qui s\u2019exprimait lors d\u2019un point de presse \u00e0 l\u2019issue du Conseil du gouvernement, a pr\u00e9cis\u00e9 qu\u2019au cours de cette p\u00e9riode de l\u2019ann\u00e9e marqu\u00e9e par une baisse des temp\u00e9ratures, les agriculteurs recourent \u00e0 la production sous serre dans la r\u00e9gion de Chtouka.<\/p>\n<p style=\"text-align: justify;\">Le programme trac\u00e9 dans ce sens par le minist\u00e8re de l\u2019Agriculture a \u00e9t\u00e9 appliqu\u00e9 dans son int\u00e9gralit\u00e9 et la superficie emblav\u00e9e a \u00e9t\u00e9 respect\u00e9e, a not\u00e9 le ministre.<\/p>\n<p style=\"text-align: justify;\">M. Baitas a fait observer que la hausse des prix des tomates s\u2019explique par l\u2019augmentation exponentielle de la demande au niveau international.<\/p>\n<p style=\"text-align: justify;\">\u00ab\u00a0Il y avait une orientation prononc\u00e9e vers l\u2019exportation, alors que le march\u00e9 int\u00e9rieur, n\u2019\u00e9tant pas rationnel, subit nombre de dysfonctionnements li\u00e9s \u00e0 la multiplication des interm\u00e9diaires dont la sp\u00e9culation p\u00e8se sur les prix\u00a0\u00bb, a-t-il soutenu.<\/p>\n<p style=\"text-align: justify;\">Le gouvernement a r\u00e9agi avec une s\u00e9rie de m\u00e9canismes disponibles, a-t-il ajout\u00e9, pr\u00e9disant une baisse des prix dans les deux prochains jours.<\/p>\n<p style=\"text-align: justify;\">M. Baitas a \u00e9mis l\u2019espoir de parvenir \u00e0 un accord avec les professionnels du transport en vue d\u2019\u00e9viter d\u2019autres r\u00e9percussions \u00ab\u00a0pouvant affecter ce syst\u00e8me\u00a0\u00bb.<\/p>\n<p>L\u2019article <a rel=\"nofollow\" href=\"https:\/\/www.mapoujda.ma\/fr\/la-hausse-des-prix-des-tomates-liee-a-laugmentation-de-la-demande-mondiale\/\">La hausse des prix des tomates li\u00e9e \u00e0 l\u2019augmentation de la demande mondiale<\/a> est apparu en premier sur <a rel=\"nofollow\" href=\"https:\/\/www.mapoujda.ma\/fr\">MapOujda<\/a>.<\/p>\n<\/div>\n<p>Auteur: Soufiane ELAHMAR<br \/>\n<a href=\"https:\/\/www.mapoujda.ma\/fr\/la-hausse-des-prix-des-tomates-liee-a-laugmentation-de-la-demande-mondiale\/\">Cliquez ici pour lire l&rsquo;article depuis sa source.<\/a><\/p>\n","protected":false},"excerpt":{"rendered":"<p>La production de tomates au Maroc est tr\u00e8s suffisante et la fili\u00e8re ne conna\u00eet aucun probl\u00e8me en mati\u00e8re de disponibilit\u00e9 du produit, a rassur\u00e9 jeudi le ministre d\u00e9l\u00e9gu\u00e9 charg\u00e9 des Relations avec le Parlement, porte-parole du gouvernement, Mustapha Baitas. M. Baitas, qui s\u2019exprimait lors d\u2019un point de presse \u00e0 l\u2019issue du Conseil du gouvernement, a [&hellip;]<\/p>\n","protected":false},"author":1788,"featured_media":0,"comment_status":"closed","ping_status":"closed","sticky":false,"template":"","format":"standard","meta":{"fifu_image_url":"https:\/\/www.mapoujda.ma\/map\/uploads\/2022\/01\/Tomates-au-march\u00e9-de-gros-750\u00d7430-MAP.jpg","fifu_image_alt":"La hausse des prix des tomates li\u00e9e \u00e0 l\u2019augmentation de la demande mondiale","footnotes":""},"categories":[54,76],"tags":[],"class_list":["post-142872","post","type-post","status-publish","format-standard","hentry","category-maroc","category-regions"],"_links":{"self":[{"href":"https:\/\/linitiative.ca\/International\/wp-json\/wp\/v2\/posts\/142872","targetHints":{"allow":["GET"]}}],"collection":[{"href":"https:\/\/linitiative.ca\/International\/wp-json\/wp\/v2\/posts"}],"about":[{"href":"https:\/\/linitiative.ca\/International\/wp-json\/wp\/v2\/types\/post"}],"author":[{"embeddable":true,"href":"https:\/\/linitiative.ca\/International\/wp-json\/wp\/v2\/users\/1788"}],"replies":[{"embeddable":true,"href":"https:\/\/linitiative.ca\/International\/wp-json\/wp\/v2\/comments?post=142872"}],"version-history":[{"count":0,"href":"https:\/\/linitiative.ca\/International\/wp-json\/wp\/v2\/posts\/142872\/revisions"}],"wp:attachment":[{"href":"https:\/\/linitiative.ca\/International\/wp-json\/wp\/v2\/media?parent=142872"}],"wp:term":[{"taxonomy":"category","embeddable":true,"href":"https:\/\/linitiative.ca\/International\/wp-json\/wp\/v2\/categories?post=142872"},{"taxonomy":"post_tag","embeddable":true,"href":"https:\/\/linitiative.ca\/International\/wp-json\/wp\/v2\/tags?post=142872"}],"curies":[{"name":"wp","href":"https:\/\/api.w.org\/{rel}","templated":true}]}}