{"id":142879,"date":"2022-03-11T10:33:07","date_gmt":"2022-03-11T15:33:07","guid":{"rendered":"https:\/\/linitiative.ca\/International\/changement-climatique-lupm-discute-des-effets-sur-la-sante\/"},"modified":"2022-03-11T10:33:07","modified_gmt":"2022-03-11T15:33:07","slug":"changement-climatique-lupm-discute-des-effets-sur-la-sante","status":"publish","type":"post","link":"https:\/\/linitiative.ca\/International\/changement-climatique-lupm-discute-des-effets-sur-la-sante\/","title":{"rendered":"Changement climatique : L\u2019UPM discute des effets sur la sant\u00e9"},"content":{"rendered":"<div>\n<div class=\"field field-name-body field-type-text-with-summary field-label-hidden\">\n<div class=\"field-items\">\n<div class=\"field-item even\" property=\"content:encoded\">\n<p class=\"rtejustify\">L\u2019Universit\u00e9 Priv\u00e9e de Marrakech (UPM) tiendra le 15 mars prochain la seconde \u00e9dition de sa Conf\u00e9rence sur le changement climatique.<\/p>\n<p class=\"rtejustify\">L\u2019\u00e9v\u00e8nement r\u00e9unira bon nombre d\u2019experts, de professionnels et de chercheurs du domaine. Au menu, discussions et partage de r\u00e9sultats d\u2019\u00e9tudes au sujet des effets de ce ph\u00e9nom\u00e8ne sur la sant\u00e9 et la nutrition.<\/p>\n<p class=\"rtejustify\">Une manifestation qui sera marqu\u00e9e par l\u2019intervention du Pr\u00e9sident de l\u2019Agence spatiale britannique Mohamed Kayyali.<\/p>\n<p class=\"rtejustify\"><em>L.EL.<\/em><\/p>\n<\/div>\n<\/div>\n<\/div>\n<\/div>\n<p>Auteur: mbasraoui<br \/>\n<a href=\"https:\/\/www.leconomiste.com\/flash-infos\/changement-climatique-l-upm-discute-des-effets-sur-la-sante\">Cliquez ici pour lire l&rsquo;article depuis sa source.<\/a><\/p>\n","protected":false},"excerpt":{"rendered":"<p>L\u2019Universit\u00e9 Priv\u00e9e de Marrakech (UPM) tiendra le 15 mars prochain la seconde \u00e9dition de sa Conf\u00e9rence sur le changement climatique. L\u2019\u00e9v\u00e8nement r\u00e9unira bon nombre d\u2019experts, de professionnels et de chercheurs du domaine. Au menu, discussions et partage de r\u00e9sultats d\u2019\u00e9tudes au sujet des effets de ce ph\u00e9nom\u00e8ne sur la sant\u00e9 et la nutrition. Une manifestation [&hellip;]<\/p>\n","protected":false},"author":1763,"featured_media":0,"comment_status":"closed","ping_status":"closed","sticky":false,"template":"","format":"standard","meta":{"fifu_image_url":"","fifu_image_alt":"","footnotes":""},"categories":[78,54],"tags":[],"class_list":["post-142879","post","type-post","status-publish","format-standard","hentry","category-economie","category-maroc"],"_links":{"self":[{"href":"https:\/\/linitiative.ca\/International\/wp-json\/wp\/v2\/posts\/142879","targetHints":{"allow":["GET"]}}],"collection":[{"href":"https:\/\/linitiative.ca\/International\/wp-json\/wp\/v2\/posts"}],"about":[{"href":"https:\/\/linitiative.ca\/International\/wp-json\/wp\/v2\/types\/post"}],"author":[{"embeddable":true,"href":"https:\/\/linitiative.ca\/International\/wp-json\/wp\/v2\/users\/1763"}],"replies":[{"embeddable":true,"href":"https:\/\/linitiative.ca\/International\/wp-json\/wp\/v2\/comments?post=142879"}],"version-history":[{"count":0,"href":"https:\/\/linitiative.ca\/International\/wp-json\/wp\/v2\/posts\/142879\/revisions"}],"wp:attachment":[{"href":"https:\/\/linitiative.ca\/International\/wp-json\/wp\/v2\/media?parent=142879"}],"wp:term":[{"taxonomy":"category","embeddable":true,"href":"https:\/\/linitiative.ca\/International\/wp-json\/wp\/v2\/categories?post=142879"},{"taxonomy":"post_tag","embeddable":true,"href":"https:\/\/linitiative.ca\/International\/wp-json\/wp\/v2\/tags?post=142879"}],"curies":[{"name":"wp","href":"https:\/\/api.w.org\/{rel}","templated":true}]}}