{"id":142882,"date":"2022-03-11T09:47:00","date_gmt":"2022-03-11T14:47:00","guid":{"rendered":"https:\/\/linitiative.ca\/International\/psg-le-qatar-recoit-une-grande-nouvelle-pour-zidane\/"},"modified":"2022-03-11T09:47:00","modified_gmt":"2022-03-11T14:47:00","slug":"psg-le-qatar-recoit-une-grande-nouvelle-pour-zidane","status":"publish","type":"post","link":"https:\/\/linitiative.ca\/International\/psg-le-qatar-recoit-une-grande-nouvelle-pour-zidane\/","title":{"rendered":"PSG: Le Qatar re\u00e7oit une grande nouvelle pour Zidane !"},"content":{"rendered":"<div>L&rsquo;ancien num\u00e9ro 10 de l&rsquo;\u00e9quipe de France souhaitait prendre du recul avec une ann\u00e9e sabbatique&#8230;<\/div>\n<p>Auteur:<br \/>\n<a href=\"https:\/\/www.lebuteur.com\/article\/detail?titre=psg-le-qatar-recoit-une-grande-nouvelle-pour-zidane&#038;id=102465\">Cliquez ici pour lire l&rsquo;article depuis sa source.<\/a><\/p>\n","protected":false},"excerpt":{"rendered":"<p>L&rsquo;ancien num\u00e9ro 10 de l&rsquo;\u00e9quipe de France souhaitait prendre du recul avec une ann\u00e9e sabbatique&#8230; Auteur: Cliquez ici pour lire l&rsquo;article depuis sa source.<\/p>\n","protected":false},"author":1738,"featured_media":0,"comment_status":"closed","ping_status":"closed","sticky":false,"template":"","format":"standard","meta":{"fifu_image_url":"","fifu_image_alt":"","footnotes":""},"categories":[53,75],"tags":[],"class_list":["post-142882","post","type-post","status-publish","format-standard","hentry","category-algerie","category-sport"],"_links":{"self":[{"href":"https:\/\/linitiative.ca\/International\/wp-json\/wp\/v2\/posts\/142882","targetHints":{"allow":["GET"]}}],"collection":[{"href":"https:\/\/linitiative.ca\/International\/wp-json\/wp\/v2\/posts"}],"about":[{"href":"https:\/\/linitiative.ca\/International\/wp-json\/wp\/v2\/types\/post"}],"author":[{"embeddable":true,"href":"https:\/\/linitiative.ca\/International\/wp-json\/wp\/v2\/users\/1738"}],"replies":[{"embeddable":true,"href":"https:\/\/linitiative.ca\/International\/wp-json\/wp\/v2\/comments?post=142882"}],"version-history":[{"count":0,"href":"https:\/\/linitiative.ca\/International\/wp-json\/wp\/v2\/posts\/142882\/revisions"}],"wp:attachment":[{"href":"https:\/\/linitiative.ca\/International\/wp-json\/wp\/v2\/media?parent=142882"}],"wp:term":[{"taxonomy":"category","embeddable":true,"href":"https:\/\/linitiative.ca\/International\/wp-json\/wp\/v2\/categories?post=142882"},{"taxonomy":"post_tag","embeddable":true,"href":"https:\/\/linitiative.ca\/International\/wp-json\/wp\/v2\/tags?post=142882"}],"curies":[{"name":"wp","href":"https:\/\/api.w.org\/{rel}","templated":true}]}}