{"id":142885,"date":"2022-03-11T14:14:00","date_gmt":"2022-03-11T19:14:00","guid":{"rendered":"https:\/\/linitiative.ca\/International\/cam-alg-joshua-bondo-une-designation-qui-suscite-les-apprehensions\/"},"modified":"2022-03-11T14:14:00","modified_gmt":"2022-03-11T19:14:00","slug":"cam-alg-joshua-bondo-une-designation-qui-suscite-les-apprehensions","status":"publish","type":"post","link":"https:\/\/linitiative.ca\/International\/cam-alg-joshua-bondo-une-designation-qui-suscite-les-apprehensions\/","title":{"rendered":"Cam-Alg : Joshua Bondo une d\u00e9signation qui suscite les appr\u00e9hensions"},"content":{"rendered":"<div>Une d\u00e9signation qui suscite l\u2019interrogation Et l\u2019appr\u00e9hension des alg\u00e9riens sachant qu\u2019il s\u2019agit de cet m\u00eame arbitre qui avait massacr\u00e9 les Verts lors du match aller de la phase des groupes jou\u00e9 \u00e0 Marrakech face au Burkina Faso, le mois de septembre<\/div>\n<p>Auteur:<br \/>\n<a href=\"https:\/\/www.lebuteur.com\/article\/detail?titre=cam-alg-joshua-bondo-une-designation-qui-suscite-les-apprehensions&#038;id=102468\">Cliquez ici pour lire l&rsquo;article depuis sa source.<\/a><\/p>\n","protected":false},"excerpt":{"rendered":"<p>Une d\u00e9signation qui suscite l\u2019interrogation Et l\u2019appr\u00e9hension des alg\u00e9riens sachant qu\u2019il s\u2019agit de cet m\u00eame arbitre qui avait massacr\u00e9 les Verts lors du match aller de la phase des groupes jou\u00e9 \u00e0 Marrakech face au Burkina Faso, le mois de septembre Auteur: Cliquez ici pour lire l&rsquo;article depuis sa source.<\/p>\n","protected":false},"author":1738,"featured_media":0,"comment_status":"closed","ping_status":"closed","sticky":false,"template":"","format":"standard","meta":{"fifu_image_url":"","fifu_image_alt":"","footnotes":""},"categories":[53,75],"tags":[],"class_list":["post-142885","post","type-post","status-publish","format-standard","hentry","category-algerie","category-sport"],"_links":{"self":[{"href":"https:\/\/linitiative.ca\/International\/wp-json\/wp\/v2\/posts\/142885","targetHints":{"allow":["GET"]}}],"collection":[{"href":"https:\/\/linitiative.ca\/International\/wp-json\/wp\/v2\/posts"}],"about":[{"href":"https:\/\/linitiative.ca\/International\/wp-json\/wp\/v2\/types\/post"}],"author":[{"embeddable":true,"href":"https:\/\/linitiative.ca\/International\/wp-json\/wp\/v2\/users\/1738"}],"replies":[{"embeddable":true,"href":"https:\/\/linitiative.ca\/International\/wp-json\/wp\/v2\/comments?post=142885"}],"version-history":[{"count":0,"href":"https:\/\/linitiative.ca\/International\/wp-json\/wp\/v2\/posts\/142885\/revisions"}],"wp:attachment":[{"href":"https:\/\/linitiative.ca\/International\/wp-json\/wp\/v2\/media?parent=142885"}],"wp:term":[{"taxonomy":"category","embeddable":true,"href":"https:\/\/linitiative.ca\/International\/wp-json\/wp\/v2\/categories?post=142885"},{"taxonomy":"post_tag","embeddable":true,"href":"https:\/\/linitiative.ca\/International\/wp-json\/wp\/v2\/tags?post=142885"}],"curies":[{"name":"wp","href":"https:\/\/api.w.org\/{rel}","templated":true}]}}