{"id":142887,"date":"2022-03-11T04:15:00","date_gmt":"2022-03-11T09:15:00","guid":{"rendered":"https:\/\/linitiative.ca\/International\/abdelaziz-kacem-echeances-de-mars-decheance-dun-printemps\/"},"modified":"2022-03-11T04:15:00","modified_gmt":"2022-03-11T09:15:00","slug":"abdelaziz-kacem-echeances-de-mars-decheance-dun-printemps","status":"publish","type":"post","link":"https:\/\/linitiative.ca\/International\/abdelaziz-kacem-echeances-de-mars-decheance-dun-printemps\/","title":{"rendered":"Abdelaziz Kacem: \u00c9ch\u00e9ances de mars, d\u00e9ch\u00e9ance d\u2019un printemps"},"content":{"rendered":"<div><img decoding=\"async\" src=\"https:\/\/linitiative.ca\/International\/wp-content\/uploads\/sites\/23\/2022\/03\/1646987881_article.jpg\" alt=\"Abdelaziz Kacem: \u00c9ch\u00e9ances de mars, d\u00e9ch\u00e9ance d\u2019un printemps\" align=\"left\">J\u2019aime le mois de mars, en d\u00e9pit des ant\u00e9c\u00e9dents qui entachent son nom. Les Romains, nos ennemis intimes, avaient beau profiter du retour des beaux jours, pour\u00a0 reprendre leur sport favori, la guerre,\u00a0 et le shakespearien \u00abM\u00e9fiez-vous des ides de mars\u00bb a beau hanter encore le restant de ma superstitieuse adolescence, j\u2019aime le mois de mars, le mois des recommencements.<br \/>\nVoici donc revenir le temps o\u00f9 Dame Nature, en d\u00e9pit des outrages, se pr\u00e9pare \u00e0 se refaire une beaut\u00e9, voici revenu le mois des grandes c\u00e9l\u00e9brations. Heureux qui, comme ceux et celles de l\u2019autre rive, f\u00eatera \u00abmars, le mois des mots\u00bb. Oh, que j\u2019aimerais, moi qui ai amass\u00e9 tout un attirail de &#8230;<\/p>\n<\/div>\n<p>Auteur:<br \/>\n<a href=\"https:\/\/www.leaders.com.tn\/article\/33083-abdelaziz-kacem-echeances-de-mars-decheance-d-un-printemps\">Cliquez ici pour lire l&rsquo;article depuis sa source.<\/a><\/p>\n","protected":false},"excerpt":{"rendered":"<p>J\u2019aime le mois de mars, en d\u00e9pit des ant\u00e9c\u00e9dents qui entachent son nom. Les Romains, nos ennemis intimes, avaient beau profiter du retour des beaux jours, pour\u00a0 reprendre leur sport favori, la guerre,\u00a0 et le shakespearien \u00abM\u00e9fiez-vous des ides de mars\u00bb a beau hanter encore le restant de ma superstitieuse adolescence, j\u2019aime le mois de [&hellip;]<\/p>\n","protected":false},"author":1772,"featured_media":0,"comment_status":"closed","ping_status":"closed","sticky":false,"template":"","format":"standard","meta":{"fifu_image_url":"http:\/\/www.leaders.com.tn\/uploads\/content\/thumbnails_small\/1646987881_article.jpg","fifu_image_alt":"Abdelaziz Kacem: \u00c9ch\u00e9ances de mars, d\u00e9ch\u00e9ance d\u2019un printemps","footnotes":""},"categories":[73,55],"tags":[],"class_list":["post-142887","post","type-post","status-publish","format-standard","hentry","category-actualite","category-tunisie"],"_links":{"self":[{"href":"https:\/\/linitiative.ca\/International\/wp-json\/wp\/v2\/posts\/142887","targetHints":{"allow":["GET"]}}],"collection":[{"href":"https:\/\/linitiative.ca\/International\/wp-json\/wp\/v2\/posts"}],"about":[{"href":"https:\/\/linitiative.ca\/International\/wp-json\/wp\/v2\/types\/post"}],"author":[{"embeddable":true,"href":"https:\/\/linitiative.ca\/International\/wp-json\/wp\/v2\/users\/1772"}],"replies":[{"embeddable":true,"href":"https:\/\/linitiative.ca\/International\/wp-json\/wp\/v2\/comments?post=142887"}],"version-history":[{"count":0,"href":"https:\/\/linitiative.ca\/International\/wp-json\/wp\/v2\/posts\/142887\/revisions"}],"wp:attachment":[{"href":"https:\/\/linitiative.ca\/International\/wp-json\/wp\/v2\/media?parent=142887"}],"wp:term":[{"taxonomy":"category","embeddable":true,"href":"https:\/\/linitiative.ca\/International\/wp-json\/wp\/v2\/categories?post=142887"},{"taxonomy":"post_tag","embeddable":true,"href":"https:\/\/linitiative.ca\/International\/wp-json\/wp\/v2\/tags?post=142887"}],"curies":[{"name":"wp","href":"https:\/\/api.w.org\/{rel}","templated":true}]}}