{"id":142891,"date":"2022-03-11T07:05:00","date_gmt":"2022-03-11T12:05:00","guid":{"rendered":"https:\/\/linitiative.ca\/International\/mohamed-sassi-sous-la-direction-economie-et-relations-internationales-en-tunisie-histoire-et-mutations-nouvelles-editions-lharmattan-2021\/"},"modified":"2022-03-11T07:05:00","modified_gmt":"2022-03-11T12:05:00","slug":"mohamed-sassi-sous-la-direction-economie-et-relations-internationales-en-tunisie-histoire-et-mutations-nouvelles-editions-lharmattan-2021","status":"publish","type":"post","link":"https:\/\/linitiative.ca\/International\/mohamed-sassi-sous-la-direction-economie-et-relations-internationales-en-tunisie-histoire-et-mutations-nouvelles-editions-lharmattan-2021\/","title":{"rendered":"Mohamed Sassi (sous la direction) Economie et relations internationales en Tunisie. Histoire et mutations nouvelles, \u00e9ditions L\u2019Harmattan 2021"},"content":{"rendered":"<div><img decoding=\"async\" src=\"https:\/\/linitiative.ca\/International\/wp-content\/uploads\/sites\/23\/2022\/03\/1646997762_article.jpg\" alt=\"Mohamed Sassi (sous la direction) Economie et relations internationales en Tunisie. Histoire et mutations nouvelles. Editions L\u2019Harmattan 2021\" align=\"left\">Dans ce livre Mohamed Sassi r\u00e9unit un ensemble d\u2019articles qui ont meubl\u00e9 un colloque initi\u00e9 par l\u2019Association Tunisienne d\u2019Histoire Economique, organis\u00e9 en mars 2019. En plus des travaux acad\u00e9miques, on y trouve des t\u00e9moignages d\u2019acteurs de politiques \u00e9conomiques.<br \/>\nLe domaine \u00e9conomique a fait l\u2019objet de recherches men\u00e9es par des g\u00e9ographes autant que par des historiens. Ce qui distingue leurs approches c\u2019est qu\u2019elles s\u2019inscrivent dans un cadre pluridisciplinaire qu\u2019impose l\u2019appr\u00e9hension d\u2019un syst\u00e8me d\u00e9termin\u00e9 par le social, le politique, de m\u00eame que le mode d\u2019organisation de la dynamique entrepreneuriale et concurrentielle \u00e0 une \u00e9poque &#8230;<\/p>\n<\/div>\n<p>Auteur:<br \/>\n<a href=\"https:\/\/www.leaders.com.tn\/article\/33085-mohamed-sassi-sous-la-direction-economie-et-relations-internationales-en-tunisie-histoire-et-mutations-nouvelles-editions-l-harmattan-2021\">Cliquez ici pour lire l&rsquo;article depuis sa source.<\/a><\/p>\n","protected":false},"excerpt":{"rendered":"<p>Dans ce livre Mohamed Sassi r\u00e9unit un ensemble d\u2019articles qui ont meubl\u00e9 un colloque initi\u00e9 par l\u2019Association Tunisienne d\u2019Histoire Economique, organis\u00e9 en mars 2019. En plus des travaux acad\u00e9miques, on y trouve des t\u00e9moignages d\u2019acteurs de politiques \u00e9conomiques. Le domaine \u00e9conomique a fait l\u2019objet de recherches men\u00e9es par des g\u00e9ographes autant que par des historiens. [&hellip;]<\/p>\n","protected":false},"author":1772,"featured_media":0,"comment_status":"closed","ping_status":"closed","sticky":false,"template":"","format":"standard","meta":{"fifu_image_url":"http:\/\/www.leaders.com.tn\/uploads\/content\/thumbnails_small\/1646997762_article.jpg","fifu_image_alt":"Mohamed Sassi (sous la direction) Economie et relations internationales en Tunisie. Histoire et mutations nouvelles, \u00e9ditions L\u2019Harmattan 2021","footnotes":""},"categories":[73,55],"tags":[],"class_list":["post-142891","post","type-post","status-publish","format-standard","hentry","category-actualite","category-tunisie"],"_links":{"self":[{"href":"https:\/\/linitiative.ca\/International\/wp-json\/wp\/v2\/posts\/142891","targetHints":{"allow":["GET"]}}],"collection":[{"href":"https:\/\/linitiative.ca\/International\/wp-json\/wp\/v2\/posts"}],"about":[{"href":"https:\/\/linitiative.ca\/International\/wp-json\/wp\/v2\/types\/post"}],"author":[{"embeddable":true,"href":"https:\/\/linitiative.ca\/International\/wp-json\/wp\/v2\/users\/1772"}],"replies":[{"embeddable":true,"href":"https:\/\/linitiative.ca\/International\/wp-json\/wp\/v2\/comments?post=142891"}],"version-history":[{"count":0,"href":"https:\/\/linitiative.ca\/International\/wp-json\/wp\/v2\/posts\/142891\/revisions"}],"wp:attachment":[{"href":"https:\/\/linitiative.ca\/International\/wp-json\/wp\/v2\/media?parent=142891"}],"wp:term":[{"taxonomy":"category","embeddable":true,"href":"https:\/\/linitiative.ca\/International\/wp-json\/wp\/v2\/categories?post=142891"},{"taxonomy":"post_tag","embeddable":true,"href":"https:\/\/linitiative.ca\/International\/wp-json\/wp\/v2\/tags?post=142891"}],"curies":[{"name":"wp","href":"https:\/\/api.w.org\/{rel}","templated":true}]}}