{"id":142893,"date":"2022-03-11T06:47:33","date_gmt":"2022-03-11T11:47:33","guid":{"rendered":"https:\/\/linitiative.ca\/International\/entreprise-seuls-15-des-conseils-dadministration-sont-presides-par-une-femme-enquete\/"},"modified":"2022-03-11T06:47:33","modified_gmt":"2022-03-11T11:47:33","slug":"entreprise-seuls-15-des-conseils-dadministration-sont-presides-par-une-femme-enquete","status":"publish","type":"post","link":"https:\/\/linitiative.ca\/International\/entreprise-seuls-15-des-conseils-dadministration-sont-presides-par-une-femme-enquete\/","title":{"rendered":"Entreprise. Seuls 15% des Conseils d\u2019Administration sont pr\u00e9sid\u00e9s par une femme [Enqu\u00eate]"},"content":{"rendered":"<div><img decoding=\"async\" width=\"1656\" height=\"1060\" src=\"https:\/\/linitiative.ca\/International\/wp-content\/uploads\/sites\/23\/2022\/03\/Femme-Entreprise-1.jpg\" class=\"attachment-post-thumbnail size-post-thumbnail wp-post-image\" alt=\"\" loading=\"lazy\" srcset=\"https:\/\/linitiative.ca\/International\/wp-content\/uploads\/sites\/23\/2022\/03\/Femme-Entreprise-1.jpg 1656w, https:\/\/www.challenge.ma\/wp-content\/uploads\/2018\/03\/Femme-Entreprise-1-300x192.jpg 300w, https:\/\/www.challenge.ma\/wp-content\/uploads\/2018\/03\/Femme-Entreprise-1-1024x655.jpg 1024w, https:\/\/www.challenge.ma\/wp-content\/uploads\/2018\/03\/Femme-Entreprise-1-360x230.jpg 360w, https:\/\/www.challenge.ma\/wp-content\/uploads\/2018\/03\/Femme-Entreprise-1-750x480.jpg 750w\" sizes=\"auto, (max-width: 1656px) 100vw, 1656px\" itemprop=\"image\">Le Club des Femmes Administrateurs (CFA) et la Soci\u00e9t\u00e9 financi\u00e8re internationale (IFC-Groupe de la Banque mondiale) ont d\u00e9voil\u00e9, le 10 mars \u00e0 Casablanca, les r\u00e9sultats de leur enqu\u00eate conjointe sur la diversit\u00e9 de genre au sein des conseils d\u2019administration (CA) et de surveillance (CS). R\u00e9alis\u00e9e en collaboration avec le cabinet<\/div>\n<p>Auteur: challenge<br \/>\n<a href=\"https:\/\/www.challenge.ma\/entreprise-seuls-15-des-conseils-dadministration-sont-presides-par-une-femme-enquete-234184\/\">Cliquez ici pour lire l&rsquo;article depuis sa source.<\/a><\/p>\n","protected":false},"excerpt":{"rendered":"<p>Le Club des Femmes Administrateurs (CFA) et la Soci\u00e9t\u00e9 financi\u00e8re internationale (IFC-Groupe de la Banque mondiale) ont d\u00e9voil\u00e9, le 10 mars \u00e0 Casablanca, les r\u00e9sultats de leur enqu\u00eate conjointe sur la diversit\u00e9 de genre au sein des conseils d\u2019administration (CA) et de surveillance (CS). R\u00e9alis\u00e9e en collaboration avec le cabinet Auteur: challenge Cliquez ici pour [&hellip;]<\/p>\n","protected":false},"author":1787,"featured_media":0,"comment_status":"closed","ping_status":"closed","sticky":false,"template":"","format":"standard","meta":{"fifu_image_url":"https:\/\/www.challenge.ma\/wp-content\/uploads\/2018\/03\/Femme-Entreprise-1.jpg","fifu_image_alt":"Entreprise. Seuls 15% des Conseils d\u2019Administration sont pr\u00e9sid\u00e9s par une femme [Enqu\u00eate]","footnotes":""},"categories":[78,54],"tags":[],"class_list":["post-142893","post","type-post","status-publish","format-standard","hentry","category-economie","category-maroc"],"_links":{"self":[{"href":"https:\/\/linitiative.ca\/International\/wp-json\/wp\/v2\/posts\/142893","targetHints":{"allow":["GET"]}}],"collection":[{"href":"https:\/\/linitiative.ca\/International\/wp-json\/wp\/v2\/posts"}],"about":[{"href":"https:\/\/linitiative.ca\/International\/wp-json\/wp\/v2\/types\/post"}],"author":[{"embeddable":true,"href":"https:\/\/linitiative.ca\/International\/wp-json\/wp\/v2\/users\/1787"}],"replies":[{"embeddable":true,"href":"https:\/\/linitiative.ca\/International\/wp-json\/wp\/v2\/comments?post=142893"}],"version-history":[{"count":0,"href":"https:\/\/linitiative.ca\/International\/wp-json\/wp\/v2\/posts\/142893\/revisions"}],"wp:attachment":[{"href":"https:\/\/linitiative.ca\/International\/wp-json\/wp\/v2\/media?parent=142893"}],"wp:term":[{"taxonomy":"category","embeddable":true,"href":"https:\/\/linitiative.ca\/International\/wp-json\/wp\/v2\/categories?post=142893"},{"taxonomy":"post_tag","embeddable":true,"href":"https:\/\/linitiative.ca\/International\/wp-json\/wp\/v2\/tags?post=142893"}],"curies":[{"name":"wp","href":"https:\/\/api.w.org\/{rel}","templated":true}]}}