{"id":142907,"date":"2022-03-11T07:01:37","date_gmt":"2022-03-11T12:01:37","guid":{"rendered":"https:\/\/linitiative.ca\/International\/rd-congo-les-casques-bleus-ukrainiens-se-retirent-pour-aller-combattre-la-russie\/"},"modified":"2022-03-11T07:01:37","modified_gmt":"2022-03-11T12:01:37","slug":"rd-congo-les-casques-bleus-ukrainiens-se-retirent-pour-aller-combattre-la-russie","status":"publish","type":"post","link":"https:\/\/linitiative.ca\/International\/rd-congo-les-casques-bleus-ukrainiens-se-retirent-pour-aller-combattre-la-russie\/","title":{"rendered":"RD Congo\u00a0: Les Casques bleus ukrainiens se retirent pour aller combattre la Russie"},"content":{"rendered":"<div>\n<p>Face \u00e0 la Russie, l\u2019Ukraine mobilise toutes ses forces militaires m\u00eame celles en mission \u00e0 l\u2019\u00e9tranger. Selon BBC, le pays a d\u00e9cid\u00e9 de retirer toutes ses forces des missions de maintien de la paix de l\u2019ONU en Afrique et en Europe pour combattre l\u2019arm\u00e9e russe. En Afrique pr\u00e9cis\u00e9ment en R\u00e9publique d\u00e9mocratique du Congo, l\u2019Ukraine avait engag\u00e9 250 soldats.<\/p>\n<p>Ils partiront bient\u00f4t avec leurs huit h\u00e9licopt\u00e8res et d\u2019autres \u00e9quipements militaires. Ce retrait pourrait avoir, reconnait l\u2019ONU, un impact sur la mission de maintien de la paix en R\u00e9publique d\u00e9mocratique du Congo.<\/p>\n<p><strong>La R\u00e9daction\u00a0\u00a0\u00a0 <\/strong><\/p>\n<p>L\u2019article <a rel=\"nofollow\" href=\"https:\/\/www.sidwaya.info\/blog\/2022\/03\/11\/rd-congo-les-casques-bleus-ukrainiens-se-retirent-pour-aller-combattre-la-russie\/\">RD Congo\u00a0: Les Casques bleus ukrainiens se retirent pour aller combattre la Russie<\/a> est apparu en premier sur <a rel=\"nofollow\" href=\"https:\/\/www.sidwaya.info\/\">Quotidien Sidwaya<\/a>.<\/p>\n<\/div>\n<p>Auteur: Wamini SIDWAYA<br \/>\n<a href=\"https:\/\/www.sidwaya.info\/blog\/2022\/03\/11\/rd-congo-les-casques-bleus-ukrainiens-se-retirent-pour-aller-combattre-la-russie\/?utm_source=rss&#038;utm_medium=rss&#038;utm_campaign=rd-congo-les-casques-bleus-ukrainiens-se-retirent-pour-aller-combattre-la-russie\">Cliquez ici pour lire l&rsquo;article depuis sa source.<\/a><\/p>\n","protected":false},"excerpt":{"rendered":"<p>Face \u00e0 la Russie, l\u2019Ukraine mobilise toutes ses forces militaires m\u00eame celles en mission \u00e0 l\u2019\u00e9tranger. Selon BBC, le pays a d\u00e9cid\u00e9 de retirer toutes ses forces des missions de maintien de la paix de l\u2019ONU en Afrique et en Europe pour combattre l\u2019arm\u00e9e russe. En Afrique pr\u00e9cis\u00e9ment en R\u00e9publique d\u00e9mocratique du Congo, l\u2019Ukraine avait [&hellip;]<\/p>\n","protected":false},"author":1816,"featured_media":0,"comment_status":"closed","ping_status":"closed","sticky":false,"template":"","format":"standard","meta":{"fifu_image_url":"","fifu_image_alt":"","footnotes":""},"categories":[73,81],"tags":[],"class_list":["post-142907","post","type-post","status-publish","format-standard","hentry","category-actualite","category-burkina-faso"],"_links":{"self":[{"href":"https:\/\/linitiative.ca\/International\/wp-json\/wp\/v2\/posts\/142907","targetHints":{"allow":["GET"]}}],"collection":[{"href":"https:\/\/linitiative.ca\/International\/wp-json\/wp\/v2\/posts"}],"about":[{"href":"https:\/\/linitiative.ca\/International\/wp-json\/wp\/v2\/types\/post"}],"author":[{"embeddable":true,"href":"https:\/\/linitiative.ca\/International\/wp-json\/wp\/v2\/users\/1816"}],"replies":[{"embeddable":true,"href":"https:\/\/linitiative.ca\/International\/wp-json\/wp\/v2\/comments?post=142907"}],"version-history":[{"count":0,"href":"https:\/\/linitiative.ca\/International\/wp-json\/wp\/v2\/posts\/142907\/revisions"}],"wp:attachment":[{"href":"https:\/\/linitiative.ca\/International\/wp-json\/wp\/v2\/media?parent=142907"}],"wp:term":[{"taxonomy":"category","embeddable":true,"href":"https:\/\/linitiative.ca\/International\/wp-json\/wp\/v2\/categories?post=142907"},{"taxonomy":"post_tag","embeddable":true,"href":"https:\/\/linitiative.ca\/International\/wp-json\/wp\/v2\/tags?post=142907"}],"curies":[{"name":"wp","href":"https:\/\/api.w.org\/{rel}","templated":true}]}}