{"id":142911,"date":"2022-03-11T11:16:47","date_gmt":"2022-03-11T16:16:47","guid":{"rendered":"https:\/\/linitiative.ca\/International\/lutte-contre-le-terrorisme-il-ny-aura-pas-de-reploiement-de-barkhane-au-burkina-gal-laurent-michon-commandant-de-la-force-barkhane\/"},"modified":"2022-03-11T11:16:47","modified_gmt":"2022-03-11T16:16:47","slug":"lutte-contre-le-terrorisme-il-ny-aura-pas-de-reploiement-de-barkhane-au-burkina-gal-laurent-michon-commandant-de-la-force-barkhane","status":"publish","type":"post","link":"https:\/\/linitiative.ca\/International\/lutte-contre-le-terrorisme-il-ny-aura-pas-de-reploiement-de-barkhane-au-burkina-gal-laurent-michon-commandant-de-la-force-barkhane\/","title":{"rendered":"Lutte contre le terrorisme\u00a0: \u00ab\u00a0Il n\u2019y aura pas de reploiement de Barkhane au Burkina\u00a0\u00bb, \u00a0gal Laurent Michon commandant de la force Barkhane."},"content":{"rendered":"<div>\n<p>Le g\u00e9n\u00e9ral Laurent Michon a co-anim\u00e9 un point de presse, ce vendredi 11 mars, \u00a0\u00e0 l\u2019ambassade de France \u00e0 Ouagadougou sur la lutte anti terrorisme notamment sur le red\u00e9ploiement de la force Barkhane. \u00ab\u00a0Il n\u2019y aura pas de reploiement de Barkhane au Burkina\u00a0\u00bb, a affirm\u00e9 le \u00a0gal Laurent Michon. \u00a0Aussi, a-t-il ajout\u00e9, \u00a0la force antiterroriste fran\u00e7aise Barkhane, selon les moyens disponibles, est en mesure d\u2019appuyer les arm\u00e9es burkinab\u00e8, \u00e0 la demande des autorit\u00e9s politiques du Burkina Faso.<\/p>\n<p>\u00abA la conditionnalit\u00e9 politique pr\u00e8s qui est importante, nous sommes en mesure d\u2019appuyer les arm\u00e9es burkinab\u00e8 quand elles le demandent. Pas toujours partout et de fa\u00e7on instantan\u00e9e \u00e9videmment, car les moyens sont compt\u00e9s m\u00eame pour Barkhane\u00bb, a d\u00e9clar\u00e9 vendredi le g\u00e9n\u00e9ral Laurent Michon.<\/p>\n<p>Le commandant de la force Barkhane a expliqu\u00e9 aux journalistes, les changements profonds en cours au sein de Barkhane et le d\u00e9part du Mali, apr\u00e8s la rupture avec Bamako.<\/p>\n<p>\u00abIl ne s\u2019agit pas de se repositionner au Niger. Il s\u2019agit de se retirer du Niger. Les contingents italiens, su\u00e9dois, fran\u00e7ais qui partent du Mali vont rentrer en Europe. Il y a un dispositif qui sera peut \u00eatre adapt\u00e9 au Niger sur la demande des autorit\u00e9s militaires nig\u00e9riennes\u00bb, a-t-il affirm\u00e9.<\/p>\n<p>L\u2019intervention de Barkhane se fera \u00a0d\u00e9sormais dans le Sahel et dans le Golfe de Guin\u00e9e en fonction de la demande de chaque pays africain et de la r\u00e9ponse des capitales europ\u00e9ennes.<\/p>\n<p>R\u00e9daction<\/p>\n<p>SOURCE (AIB)<\/p>\n<p>L\u2019article <a rel=\"nofollow\" href=\"https:\/\/www.sidwaya.info\/blog\/2022\/03\/11\/lutte-contre-le-terrorisme-il-ny-aura-pas-de-reploiement-de-barkhane-au-burkina-gal-laurent-michon-commandant-de-la-force-barkhane\/\">Lutte contre le terrorisme\u00a0: \u00ab\u00a0Il n\u2019y aura pas de reploiement de Barkhane au Burkina\u00a0\u00bb, \u00a0gal Laurent Michon commandant de la force Barkhane.<\/a> est apparu en premier sur <a rel=\"nofollow\" href=\"https:\/\/www.sidwaya.info\/\">Quotidien Sidwaya<\/a>.<\/p>\n<\/div>\n<p>Auteur: BS. Sidwaya<br \/>\n<a href=\"https:\/\/www.sidwaya.info\/blog\/2022\/03\/11\/lutte-contre-le-terrorisme-il-ny-aura-pas-de-reploiement-de-barkhane-au-burkina-gal-laurent-michon-commandant-de-la-force-barkhane\/?utm_source=rss&#038;utm_medium=rss&#038;utm_campaign=lutte-contre-le-terrorisme-il-ny-aura-pas-de-reploiement-de-barkhane-au-burkina-gal-laurent-michon-commandant-de-la-force-barkhane\">Cliquez ici pour lire l&rsquo;article depuis sa source.<\/a><\/p>\n","protected":false},"excerpt":{"rendered":"<p>Le g\u00e9n\u00e9ral Laurent Michon a co-anim\u00e9 un point de presse, ce vendredi 11 mars, \u00a0\u00e0 l\u2019ambassade de France \u00e0 Ouagadougou sur la lutte anti terrorisme notamment sur le red\u00e9ploiement de la force Barkhane. \u00ab\u00a0Il n\u2019y aura pas de reploiement de Barkhane au Burkina\u00a0\u00bb, a affirm\u00e9 le \u00a0gal Laurent Michon. \u00a0Aussi, a-t-il ajout\u00e9, \u00a0la force antiterroriste [&hellip;]<\/p>\n","protected":false},"author":1816,"featured_media":0,"comment_status":"closed","ping_status":"closed","sticky":false,"template":"","format":"standard","meta":{"fifu_image_url":"","fifu_image_alt":"","footnotes":""},"categories":[73,81],"tags":[],"class_list":["post-142911","post","type-post","status-publish","format-standard","hentry","category-actualite","category-burkina-faso"],"_links":{"self":[{"href":"https:\/\/linitiative.ca\/International\/wp-json\/wp\/v2\/posts\/142911","targetHints":{"allow":["GET"]}}],"collection":[{"href":"https:\/\/linitiative.ca\/International\/wp-json\/wp\/v2\/posts"}],"about":[{"href":"https:\/\/linitiative.ca\/International\/wp-json\/wp\/v2\/types\/post"}],"author":[{"embeddable":true,"href":"https:\/\/linitiative.ca\/International\/wp-json\/wp\/v2\/users\/1816"}],"replies":[{"embeddable":true,"href":"https:\/\/linitiative.ca\/International\/wp-json\/wp\/v2\/comments?post=142911"}],"version-history":[{"count":0,"href":"https:\/\/linitiative.ca\/International\/wp-json\/wp\/v2\/posts\/142911\/revisions"}],"wp:attachment":[{"href":"https:\/\/linitiative.ca\/International\/wp-json\/wp\/v2\/media?parent=142911"}],"wp:term":[{"taxonomy":"category","embeddable":true,"href":"https:\/\/linitiative.ca\/International\/wp-json\/wp\/v2\/categories?post=142911"},{"taxonomy":"post_tag","embeddable":true,"href":"https:\/\/linitiative.ca\/International\/wp-json\/wp\/v2\/tags?post=142911"}],"curies":[{"name":"wp","href":"https:\/\/api.w.org\/{rel}","templated":true}]}}