{"id":142912,"date":"2022-03-11T12:18:03","date_gmt":"2022-03-11T17:18:03","guid":{"rendered":"https:\/\/linitiative.ca\/International\/russie-ukraine-lonu-invitee-a-organiser-le-dialogue\/"},"modified":"2022-03-11T12:18:03","modified_gmt":"2022-03-11T17:18:03","slug":"russie-ukraine-lonu-invitee-a-organiser-le-dialogue","status":"publish","type":"post","link":"https:\/\/linitiative.ca\/International\/russie-ukraine-lonu-invitee-a-organiser-le-dialogue\/","title":{"rendered":"Russie-Ukraine : l\u2019Onu invit\u00e9e \u00e0 organiser le dialogue"},"content":{"rendered":"<div>\n<p><img decoding=\"async\" width=\"289\" height=\"174\" src=\"https:\/\/linitiative.ca\/International\/wp-content\/uploads\/sites\/23\/2022\/03\/16470190833455.jpg\" class=\"attachment-post-thumbnail size-post-thumbnail wp-post-image\" alt=\"\" loading=\"lazy\"><\/p>\n<p>L&rsquo;appel lanc\u00e9 par Pretoria et Maputo doit permettre de conna\u00eetre les causes profondes du conflit entre les deux pays d&rsquo;Europe de l&rsquo;Est.L&rsquo;Afrique du Sud et le Mozambique ont demand\u00e9 aux Nations Unies de donner mandat \u00e0 son Secr\u00e9taire g\u00e9n\u00e9ral, Antonio Guterres, pour soutenir les efforts diplomatiques visant \u00e0 r\u00e9soudre le conflit russo-ukrainien dans le cadre d&rsquo;une tentative de d\u00e9m\u00ealer les \u00ab causes sous-jacentes du conflit \u00bb.<\/p>\n<p>Dans un communiqu\u00e9 publi\u00e9 \u00e0 l&rsquo;issue de la 3e session de leur Commission binationale tenue ce vendredi 11 mars, le pr\u00e9sident Cyril Ramaphosa et son homologue mozambicain Filipe Nyusi ont r\u00e9it\u00e9r\u00e9 leur d\u00e9cision de s&rsquo;abstenir lors du vote par l&rsquo;Assembl\u00e9e g\u00e9n\u00e9rale de l&rsquo;Onu d&rsquo;une r\u00e9solution sur l&rsquo;invasion de l&rsquo;Ukraine par la Russie le 2 mars dernier.<\/p>\n<p>Ils ont appel\u00e9 \u00e0 \u00ab une approche \u00e9quilibr\u00e9e du conflit par le biais d&rsquo;un dialogue qui r\u00e9pondra aux angoisses de s\u00e9curit\u00e9 des deux parties\u00a0\u00bb.<\/p>\n<p>Les deux dirigeants ont \u00e9galement exprim\u00e9 leur inqui\u00e9tude face \u00e0 la crise humanitaire croissante en Ukraine, o\u00f9 plus de deux millions de personnes ont fui vers les pays voisins.<\/p>\n<p>Parall\u00e8lement, l&rsquo;Afrique du Sud s&rsquo;est engag\u00e9e \u00e0 soutenir la candidature du Mozambique au Conseil de s\u00e9curit\u00e9 des Nations Unies en tant que membre non permanent pour l&rsquo;ann\u00e9e 2022\/23.<\/p>\n<p>Cet article <a rel=\"nofollow\" href=\"https:\/\/www.journalducameroun.com\/russie-ukraine-lonu-invitee-a-organiser-le-dialogue\/\">Russie-Ukraine : l\u2019Onu invit\u00e9e \u00e0 organiser le dialogue<\/a> est apparu en premier sur <a rel=\"nofollow\" href=\"https:\/\/www.journalducameroun.com\/\">Journal du Cameroun<\/a>.<\/p>\n<\/div>\n<p>Auteur: APA News<br \/>\n<a href=\"https:\/\/www.journalducameroun.com\/russie-ukraine-lonu-invitee-a-organiser-le-dialogue\/\">Cliquez ici pour lire l&rsquo;article depuis sa source.<\/a><\/p>\n","protected":false},"excerpt":{"rendered":"<p>L&rsquo;appel lanc\u00e9 par Pretoria et Maputo doit permettre de conna\u00eetre les causes profondes du conflit entre les deux pays d&rsquo;Europe de l&rsquo;Est.L&rsquo;Afrique du Sud et le Mozambique ont demand\u00e9 aux Nations Unies de donner mandat \u00e0 son Secr\u00e9taire g\u00e9n\u00e9ral, Antonio Guterres, pour soutenir les efforts diplomatiques visant \u00e0 r\u00e9soudre le conflit russo-ukrainien dans le cadre [&hellip;]<\/p>\n","protected":false},"author":1965,"featured_media":0,"comment_status":"closed","ping_status":"closed","sticky":false,"template":"","format":"standard","meta":{"fifu_image_url":"https:\/\/www.journalducameroun.com\/wp-content\/uploads\/2022\/03\/16470190833455.jpg","fifu_image_alt":"Russie-Ukraine : l\u2019Onu invit\u00e9e \u00e0 organiser le dialogue","footnotes":""},"categories":[73,82],"tags":[],"class_list":["post-142912","post","type-post","status-publish","format-standard","hentry","category-actualite","category-cameroun"],"_links":{"self":[{"href":"https:\/\/linitiative.ca\/International\/wp-json\/wp\/v2\/posts\/142912","targetHints":{"allow":["GET"]}}],"collection":[{"href":"https:\/\/linitiative.ca\/International\/wp-json\/wp\/v2\/posts"}],"about":[{"href":"https:\/\/linitiative.ca\/International\/wp-json\/wp\/v2\/types\/post"}],"author":[{"embeddable":true,"href":"https:\/\/linitiative.ca\/International\/wp-json\/wp\/v2\/users\/1965"}],"replies":[{"embeddable":true,"href":"https:\/\/linitiative.ca\/International\/wp-json\/wp\/v2\/comments?post=142912"}],"version-history":[{"count":0,"href":"https:\/\/linitiative.ca\/International\/wp-json\/wp\/v2\/posts\/142912\/revisions"}],"wp:attachment":[{"href":"https:\/\/linitiative.ca\/International\/wp-json\/wp\/v2\/media?parent=142912"}],"wp:term":[{"taxonomy":"category","embeddable":true,"href":"https:\/\/linitiative.ca\/International\/wp-json\/wp\/v2\/categories?post=142912"},{"taxonomy":"post_tag","embeddable":true,"href":"https:\/\/linitiative.ca\/International\/wp-json\/wp\/v2\/tags?post=142912"}],"curies":[{"name":"wp","href":"https:\/\/api.w.org\/{rel}","templated":true}]}}