{"id":142914,"date":"2022-03-11T14:18:02","date_gmt":"2022-03-11T19:18:02","guid":{"rendered":"https:\/\/linitiative.ca\/International\/afsud-vote-de-defiance-contre-ramaphosa-le-30-mars\/"},"modified":"2022-03-11T14:18:02","modified_gmt":"2022-03-11T19:18:02","slug":"afsud-vote-de-defiance-contre-ramaphosa-le-30-mars","status":"publish","type":"post","link":"https:\/\/linitiative.ca\/International\/afsud-vote-de-defiance-contre-ramaphosa-le-30-mars\/","title":{"rendered":"Af\u2019Sud : vote de d\u00e9fiance contre Ramaphosa le 30 mars"},"content":{"rendered":"<div>\n<p><img decoding=\"async\" width=\"289\" height=\"174\" src=\"https:\/\/linitiative.ca\/International\/wp-content\/uploads\/sites\/23\/2022\/03\/16470262834051.jpg\" class=\"attachment-post-thumbnail size-post-thumbnail wp-post-image\" alt=\"\" loading=\"lazy\"><\/p>\n<p>Le Parlement sud-africain se prononcera sur une motion de censure \u00e0 l&rsquo;\u00e9gard du gouvernement.C&rsquo;est un grand test pour le pr\u00e9sident Cyril Ramaphosa et de son gouvernement. Le 30 mars prochain, le Parlement sud-africain est convoqu\u00e9 pour un vote de deux motions de d\u00e9fiance suite \u00e0 des requ\u00eates de deux partis d&rsquo;opposition.<\/p>\n<p>Les motions de censure ont \u00e9t\u00e9 d\u00e9pos\u00e9es par l&rsquo;African transformation movement (ATM) et l&rsquo;Alliance d\u00e9mocratique (DA).<\/p>\n<p>\u00ab En ce qui concerne la programmation des deux motions de censure \u00e0 l&rsquo;encontre du pr\u00e9sident et de son Cabinet, nous proposons la date du 30 mars pour le d\u00e9bat et le vote \u00bb, a annonc\u00e9, ce vendredi 11 mars, Nosiviwe Mapisa-Nqakula, pr\u00e9sidente du Parlement, pr\u00e9cisant que le vote ne sera pas secret.<\/p>\n<p>Pour que les motions de d\u00e9fiance soient adopt\u00e9es, elles devront recueillir plus de 200 voix, soit au moins 51% des membres du parlement domin\u00e9 par le Congr\u00e8s national africain (ANC, au pouvoir).<\/p>\n<p>Cet article <a rel=\"nofollow\" href=\"https:\/\/www.journalducameroun.com\/afsud-vote-de-defiance-contre-ramaphosa-le-30-mars\/\">Af\u2019Sud : vote de d\u00e9fiance contre Ramaphosa le 30 mars<\/a> est apparu en premier sur <a rel=\"nofollow\" href=\"https:\/\/www.journalducameroun.com\/\">Journal du Cameroun<\/a>.<\/p>\n<\/div>\n<p>Auteur: APA News<br \/>\n<a href=\"https:\/\/www.journalducameroun.com\/afsud-vote-de-defiance-contre-ramaphosa-le-30-mars\/\">Cliquez ici pour lire l&rsquo;article depuis sa source.<\/a><\/p>\n","protected":false},"excerpt":{"rendered":"<p>Le Parlement sud-africain se prononcera sur une motion de censure \u00e0 l&rsquo;\u00e9gard du gouvernement.C&rsquo;est un grand test pour le pr\u00e9sident Cyril Ramaphosa et de son gouvernement. Le 30 mars prochain, le Parlement sud-africain est convoqu\u00e9 pour un vote de deux motions de d\u00e9fiance suite \u00e0 des requ\u00eates de deux partis d&rsquo;opposition. Les motions de censure [&hellip;]<\/p>\n","protected":false},"author":1965,"featured_media":0,"comment_status":"closed","ping_status":"closed","sticky":false,"template":"","format":"standard","meta":{"fifu_image_url":"https:\/\/www.journalducameroun.com\/wp-content\/uploads\/2022\/03\/16470262834051.jpg","fifu_image_alt":"Af\u2019Sud : vote de d\u00e9fiance contre Ramaphosa le 30 mars","footnotes":""},"categories":[73,82],"tags":[],"class_list":["post-142914","post","type-post","status-publish","format-standard","hentry","category-actualite","category-cameroun"],"_links":{"self":[{"href":"https:\/\/linitiative.ca\/International\/wp-json\/wp\/v2\/posts\/142914","targetHints":{"allow":["GET"]}}],"collection":[{"href":"https:\/\/linitiative.ca\/International\/wp-json\/wp\/v2\/posts"}],"about":[{"href":"https:\/\/linitiative.ca\/International\/wp-json\/wp\/v2\/types\/post"}],"author":[{"embeddable":true,"href":"https:\/\/linitiative.ca\/International\/wp-json\/wp\/v2\/users\/1965"}],"replies":[{"embeddable":true,"href":"https:\/\/linitiative.ca\/International\/wp-json\/wp\/v2\/comments?post=142914"}],"version-history":[{"count":0,"href":"https:\/\/linitiative.ca\/International\/wp-json\/wp\/v2\/posts\/142914\/revisions"}],"wp:attachment":[{"href":"https:\/\/linitiative.ca\/International\/wp-json\/wp\/v2\/media?parent=142914"}],"wp:term":[{"taxonomy":"category","embeddable":true,"href":"https:\/\/linitiative.ca\/International\/wp-json\/wp\/v2\/categories?post=142914"},{"taxonomy":"post_tag","embeddable":true,"href":"https:\/\/linitiative.ca\/International\/wp-json\/wp\/v2\/tags?post=142914"}],"curies":[{"name":"wp","href":"https:\/\/api.w.org\/{rel}","templated":true}]}}