{"id":142916,"date":"2022-03-11T15:18:03","date_gmt":"2022-03-11T20:18:03","guid":{"rendered":"https:\/\/linitiative.ca\/International\/protection-sociale-le-maroc-abrite-samedi-lag-de-lunion-africaine-de-la-mutualite\/"},"modified":"2022-03-11T15:18:03","modified_gmt":"2022-03-11T20:18:03","slug":"protection-sociale-le-maroc-abrite-samedi-lag-de-lunion-africaine-de-la-mutualite","status":"publish","type":"post","link":"https:\/\/linitiative.ca\/International\/protection-sociale-le-maroc-abrite-samedi-lag-de-lunion-africaine-de-la-mutualite\/","title":{"rendered":"Protection sociale: le Maroc abrite samedi l\u2019AG de l\u2019Union africaine de la mutualit\u00e9"},"content":{"rendered":"<div>\n<p><img decoding=\"async\" width=\"1276\" height=\"1500\" src=\"https:\/\/linitiative.ca\/International\/wp-content\/uploads\/sites\/23\/2022\/03\/16470298838357.jpg\" class=\"attachment-post-thumbnail size-post-thumbnail wp-post-image\" alt=\"\" loading=\"lazy\" srcset=\"https:\/\/linitiative.ca\/International\/wp-content\/uploads\/sites\/23\/2022\/03\/16470298838357.jpg 1276w, https:\/\/www.journalducameroun.com\/wp-content\/uploads\/2022\/03\/16470298838357-255x300.jpg 255w, https:\/\/www.journalducameroun.com\/wp-content\/uploads\/2022\/03\/16470298838357-871x1024.jpg 871w, https:\/\/www.journalducameroun.com\/wp-content\/uploads\/2022\/03\/16470298838357-768x903.jpg 768w, https:\/\/www.journalducameroun.com\/wp-content\/uploads\/2022\/03\/16470298838357-374x440.jpg 374w, https:\/\/www.journalducameroun.com\/wp-content\/uploads\/2022\/03\/16470298838357-600x705.jpg 600w\" sizes=\"auto, (max-width: 1276px) 100vw, 1276px\"><\/p>\n<p>Des acteurs de la protection sociale en provenance de diff\u00e9rents pays africains sont attendus ce samedi \u00e0 Sal\u00e9, \u00e0 l&rsquo;occasion de l&rsquo;Assembl\u00e9e g\u00e9n\u00e9rale de l&rsquo;Union africaine de la mutualit\u00e9 (UAM) qui se tient sous le th\u00e8me :\u00a0\u00bb La protection sociale, un chantier d\u00e9cisif pour garantir la justice sociale en Afrique\u00a0\u00bb.<br \/>\n\tAu programme: le renouvellement des instances dirigeantes, \u00e0 savoir l&rsquo;\u00e9lection du nouveau Pr\u00e9sident de l&rsquo;UAM et la d\u00e9signation des membres du Comit\u00e9 directeur et du Bureau ex\u00e9cutif, selon un communiqu\u00e9 de l&rsquo;organisation panafricaine.<\/p>\n<p>Le choix de la th\u00e9matique de \u00ab\u00a0la protection sociale, un chantier d\u00e9cisif pour garantir la justice sociale en Afrique\u00a0\u00bb tombe \u00e0 point nomm\u00e9, surtout dans un contexte post-Covid qui a remis sur le devant de la sc\u00e8ne les faiblesses du syst\u00e8me de couverture sanitaire dans le continent africain. D&rsquo;ailleurs, un \u00e9tat des lieux des syst\u00e8mes de protection sociale et de la mutualit\u00e9 dans le continent africain sera \u00e9tabli lors de cet \u00e9v\u00e9nement, pr\u00e9cise le communiqu\u00e9 de l&rsquo;UAM.<\/p>\n<p>Un d\u00e9bat sur \u00ab\u00a0les moyens \u00e0 m\u00eame de promouvoir les m\u00e9canismes de protection sociale dans un contexte post-Covid\u00a0\u00bb est \u00e9galement pr\u00e9vu, ajoute la m\u00eame source. C&rsquo;est dans ce sens que l&rsquo;exp\u00e9rience marocaine en termes de g\u00e9n\u00e9ralisation de la couverture sociale sera mise en avant. \u00ab\u00a0Le chantier de g\u00e9n\u00e9ralisation de la couverture sociale, lanc\u00e9 sous l&rsquo;impulsion de SM le Roi Mohammed VI, que Dieu l&rsquo;Assiste, pour promouvoir la justice sociale et spatiale, sera pr\u00e9sent\u00e9 aux participants, un projet social pouvant servir de mod\u00e8le aux pays africains fr\u00e8res et amis\u00a0\u00bb, lit-on dans le communiqu\u00e9.<\/p>\n<p>Par ailleurs, les discussions porteront \u00e9galement sur \u00ab\u00a0le syst\u00e8me mutualiste, comme composante int\u00e9grante de la couverture sociale eu \u00e9gard de son r\u00f4le jou\u00e9 dans la facilitation de l&rsquo;acc\u00e8s aux soins, la pr\u00e9voyance sociale, les actions de solidarit\u00e9 et la cons\u00e9cration de la justice spatiale en mati\u00e8re de sant\u00e9\u00a0\u00bb.<\/p>\n<p>Cet article <a rel=\"nofollow\" href=\"https:\/\/www.journalducameroun.com\/protection-sociale-le-maroc-abrite-samedi-lag-de-lunion-africaine-de-la-mutualite\/\">Protection sociale: le Maroc abrite samedi l\u2019AG de l\u2019Union africaine de la mutualit\u00e9<\/a> est apparu en premier sur <a rel=\"nofollow\" href=\"https:\/\/www.journalducameroun.com\/\">Journal du Cameroun<\/a>.<\/p>\n<\/div>\n<p>Auteur: APA News<br \/>\n<a href=\"https:\/\/www.journalducameroun.com\/protection-sociale-le-maroc-abrite-samedi-lag-de-lunion-africaine-de-la-mutualite\/\">Cliquez ici pour lire l&rsquo;article depuis sa source.<\/a><\/p>\n","protected":false},"excerpt":{"rendered":"<p>Des acteurs de la protection sociale en provenance de diff\u00e9rents pays africains sont attendus ce samedi \u00e0 Sal\u00e9, \u00e0 l&rsquo;occasion de l&rsquo;Assembl\u00e9e g\u00e9n\u00e9rale de l&rsquo;Union africaine de la mutualit\u00e9 (UAM) qui se tient sous le th\u00e8me :\u00a0\u00bb La protection sociale, un chantier d\u00e9cisif pour garantir la justice sociale en Afrique\u00a0\u00bb. Au programme: le renouvellement des [&hellip;]<\/p>\n","protected":false},"author":1965,"featured_media":0,"comment_status":"closed","ping_status":"closed","sticky":false,"template":"","format":"standard","meta":{"fifu_image_url":"https:\/\/www.journalducameroun.com\/wp-content\/uploads\/2022\/03\/16470298838357.jpg","fifu_image_alt":"Protection sociale: le Maroc abrite samedi l\u2019AG de l\u2019Union africaine de la mutualit\u00e9","footnotes":""},"categories":[73,82],"tags":[],"class_list":["post-142916","post","type-post","status-publish","format-standard","hentry","category-actualite","category-cameroun"],"_links":{"self":[{"href":"https:\/\/linitiative.ca\/International\/wp-json\/wp\/v2\/posts\/142916","targetHints":{"allow":["GET"]}}],"collection":[{"href":"https:\/\/linitiative.ca\/International\/wp-json\/wp\/v2\/posts"}],"about":[{"href":"https:\/\/linitiative.ca\/International\/wp-json\/wp\/v2\/types\/post"}],"author":[{"embeddable":true,"href":"https:\/\/linitiative.ca\/International\/wp-json\/wp\/v2\/users\/1965"}],"replies":[{"embeddable":true,"href":"https:\/\/linitiative.ca\/International\/wp-json\/wp\/v2\/comments?post=142916"}],"version-history":[{"count":0,"href":"https:\/\/linitiative.ca\/International\/wp-json\/wp\/v2\/posts\/142916\/revisions"}],"wp:attachment":[{"href":"https:\/\/linitiative.ca\/International\/wp-json\/wp\/v2\/media?parent=142916"}],"wp:term":[{"taxonomy":"category","embeddable":true,"href":"https:\/\/linitiative.ca\/International\/wp-json\/wp\/v2\/categories?post=142916"},{"taxonomy":"post_tag","embeddable":true,"href":"https:\/\/linitiative.ca\/International\/wp-json\/wp\/v2\/tags?post=142916"}],"curies":[{"name":"wp","href":"https:\/\/api.w.org\/{rel}","templated":true}]}}