{"id":142918,"date":"2022-03-11T17:18:03","date_gmt":"2022-03-11T22:18:03","guid":{"rendered":"https:\/\/linitiative.ca\/International\/conflit-russo-ukrainien-alerte-a-la-famine\/"},"modified":"2022-03-11T17:18:03","modified_gmt":"2022-03-11T22:18:03","slug":"conflit-russo-ukrainien-alerte-a-la-famine","status":"publish","type":"post","link":"https:\/\/linitiative.ca\/International\/conflit-russo-ukrainien-alerte-a-la-famine\/","title":{"rendered":"Conflit russo-ukrainien : alerte \u00e0 la famine"},"content":{"rendered":"<div>\n<p><img decoding=\"async\" width=\"830\" height=\"553\" src=\"https:\/\/linitiative.ca\/International\/wp-content\/uploads\/sites\/23\/2022\/03\/16470370835093.jpg\" class=\"attachment-post-thumbnail size-post-thumbnail wp-post-image\" alt=\"\" loading=\"lazy\" srcset=\"https:\/\/linitiative.ca\/International\/wp-content\/uploads\/sites\/23\/2022\/03\/16470370835093.jpg 830w, https:\/\/www.journalducameroun.com\/wp-content\/uploads\/2022\/03\/16470370835093-300x200.jpg 300w, https:\/\/www.journalducameroun.com\/wp-content\/uploads\/2022\/03\/16470370835093-768x512.jpg 768w, https:\/\/www.journalducameroun.com\/wp-content\/uploads\/2022\/03\/16470370835093-660x440.jpg 660w, https:\/\/www.journalducameroun.com\/wp-content\/uploads\/2022\/03\/16470370835093-600x400.jpg 600w\" sizes=\"auto, (max-width: 830px) 100vw, 830px\"><\/p>\n<p>Les bellig\u00e9rants sont parmi les principaux pays exportateurs de bl\u00e9, un aliment de base dans plusieurs r\u00e9gions du monde.Si l&rsquo;invasion de l&rsquo;Ukraine par la Russie perdure, il faut se pr\u00e9parer au pire. D&rsquo;apr\u00e8s l&rsquo;Organisation des nations unies pour l&rsquo;alimentation et l&rsquo;agriculture (FAO, sigle en anglais), une forte aggravation de l&rsquo;ins\u00e9curit\u00e9 alimentaire sur la plan\u00e8te est \u00e0 craindre.<\/p>\n<p>Dans un communiqu\u00e9, diffus\u00e9 ce vendredi, l&rsquo;organisme onusien estime que ce conflit pourrait entra\u00eener une r\u00e9duction soudaine et d&rsquo;une ampleur dramatique des exportations de bl\u00e9. Un tel sc\u00e9nario aurait de lourdes cons\u00e9quences pour plus de 35 % de la population du globe.<\/p>\n<p>\u00c0 en croire la FAO, la situation est d&rsquo;autant plus pr\u00e9occupante que les stocks de bl\u00e9 sont d\u00e9j\u00e0 \u00e0 un niveau bas au Canada qui vend \u00e0 l&rsquo;international et les exportations des \u00c9tats-Unis, de l&rsquo;Argentine et d&rsquo;autres grands producteurs seront probablement limit\u00e9es. Car ces pays garantiront prioritairement l&rsquo;approvisionnement suffisant de leurs march\u00e9s int\u00e9rieurs.<\/p>\n<p>S&rsquo;exprimant aujourd&rsquo;hui au Sommet de Versailles, r\u00e9unissant les chefs d&rsquo;Etat des 27 pays membres de l&rsquo;Union europ\u00e9enne (UE), le pr\u00e9sident fran\u00e7ais Emmanuel Macron a d\u00e9clar\u00e9 que \u00ab l&rsquo;Europe et l&rsquo;Afrique seront tr\u00e8s profond\u00e9ment d\u00e9stabilis\u00e9es sur le plan alimentaire\u00a0\u00bb.<\/p>\n<p>Pour \u00e9viter le cataclysme, la FAO appelle \u00e0 maintenir le commerce mondial des aliments et des engrais ouvert. \u00ab Tout doit \u00eatre fait pour prot\u00e9ger les activit\u00e9s de production et de commercialisation destin\u00e9es \u00e0 satisfaire les demandes nationales et mondiales \u00bb, souligne son document.<\/p>\n<p>L&rsquo;organisation sp\u00e9cialis\u00e9e bas\u00e9e \u00e0 Rome, en Italie, exhorte par ailleurs les pays tributaires des importations de denr\u00e9es alimentaires, provenant de la Russie et de l&rsquo;Ukraine, \u00e0 rechercher d&rsquo;autres fournisseurs en vue d&rsquo;amortir le choc.<\/p>\n<p>De plus, indique la FAO, les dirigeants doivent \u00e9largir les filets de s\u00e9curit\u00e9 sociale afin de prot\u00e9ger les personnes vuln\u00e9rables notamment les d\u00e9plac\u00e9s internes. Ils devraient \u00e9galement se garder d&rsquo;adopter des r\u00e9ponses politiques inappropri\u00e9es susceptibles d&rsquo;affoler les prix.<\/p>\n<p>Enfin, l&rsquo;Organisation des nations unies pour l&rsquo;alimentation et l&rsquo;agriculture plaide pour davantage de transparence et d&rsquo;informations sur l&rsquo;\u00e9tat du march\u00e9 mondial. Objectif : aider les gouvernements et les investisseurs \u00e0 prendre des d\u00e9cisions \u00e9clair\u00e9es lorsque les cours des produits agricoles sont instables.<\/p>\n<p>Cet article <a rel=\"nofollow\" href=\"https:\/\/www.journalducameroun.com\/conflit-russo-ukrainien-alerte-a-la-famine\/\">Conflit russo-ukrainien : alerte \u00e0 la famine<\/a> est apparu en premier sur <a rel=\"nofollow\" href=\"https:\/\/www.journalducameroun.com\/\">Journal du Cameroun<\/a>.<\/p>\n<\/div>\n<p>Auteur: APA News<br \/>\n<a href=\"https:\/\/www.journalducameroun.com\/conflit-russo-ukrainien-alerte-a-la-famine\/\">Cliquez ici pour lire l&rsquo;article depuis sa source.<\/a><\/p>\n","protected":false},"excerpt":{"rendered":"<p>Les bellig\u00e9rants sont parmi les principaux pays exportateurs de bl\u00e9, un aliment de base dans plusieurs r\u00e9gions du monde.Si l&rsquo;invasion de l&rsquo;Ukraine par la Russie perdure, il faut se pr\u00e9parer au pire. D&rsquo;apr\u00e8s l&rsquo;Organisation des nations unies pour l&rsquo;alimentation et l&rsquo;agriculture (FAO, sigle en anglais), une forte aggravation de l&rsquo;ins\u00e9curit\u00e9 alimentaire sur la plan\u00e8te est [&hellip;]<\/p>\n","protected":false},"author":1965,"featured_media":0,"comment_status":"closed","ping_status":"closed","sticky":false,"template":"","format":"standard","meta":{"fifu_image_url":"https:\/\/www.journalducameroun.com\/wp-content\/uploads\/2022\/03\/16470370835093.jpg","fifu_image_alt":"Conflit russo-ukrainien : alerte \u00e0 la famine","footnotes":""},"categories":[73,82],"tags":[],"class_list":["post-142918","post","type-post","status-publish","format-standard","hentry","category-actualite","category-cameroun"],"_links":{"self":[{"href":"https:\/\/linitiative.ca\/International\/wp-json\/wp\/v2\/posts\/142918","targetHints":{"allow":["GET"]}}],"collection":[{"href":"https:\/\/linitiative.ca\/International\/wp-json\/wp\/v2\/posts"}],"about":[{"href":"https:\/\/linitiative.ca\/International\/wp-json\/wp\/v2\/types\/post"}],"author":[{"embeddable":true,"href":"https:\/\/linitiative.ca\/International\/wp-json\/wp\/v2\/users\/1965"}],"replies":[{"embeddable":true,"href":"https:\/\/linitiative.ca\/International\/wp-json\/wp\/v2\/comments?post=142918"}],"version-history":[{"count":0,"href":"https:\/\/linitiative.ca\/International\/wp-json\/wp\/v2\/posts\/142918\/revisions"}],"wp:attachment":[{"href":"https:\/\/linitiative.ca\/International\/wp-json\/wp\/v2\/media?parent=142918"}],"wp:term":[{"taxonomy":"category","embeddable":true,"href":"https:\/\/linitiative.ca\/International\/wp-json\/wp\/v2\/categories?post=142918"},{"taxonomy":"post_tag","embeddable":true,"href":"https:\/\/linitiative.ca\/International\/wp-json\/wp\/v2\/tags?post=142918"}],"curies":[{"name":"wp","href":"https:\/\/api.w.org\/{rel}","templated":true}]}}