{"id":142922,"date":"2022-03-11T08:15:12","date_gmt":"2022-03-11T13:15:12","guid":{"rendered":"https:\/\/linitiative.ca\/International\/obligations-du-tresor-assimilable-le-cameroun-mobilise-57-milliards-sur-le-marche-de-la-beac\/"},"modified":"2022-03-11T08:15:12","modified_gmt":"2022-03-11T13:15:12","slug":"obligations-du-tresor-assimilable-le-cameroun-mobilise-57-milliards-sur-le-marche-de-la-beac","status":"publish","type":"post","link":"https:\/\/linitiative.ca\/International\/obligations-du-tresor-assimilable-le-cameroun-mobilise-57-milliards-sur-le-marche-de-la-beac\/","title":{"rendered":"Obligations du Tr\u00e9sor assimilable : le Cameroun mobilise 57 milliards sur le march\u00e9 de la Beac"},"content":{"rendered":"<div>\n<p>Le 7 mars dernier, le Cameroun proc\u00e9dait \u00e0 une op\u00e9ration d\u2019\u00e9mission d\u2019Obligations du tr\u00e9sor assimilables (OTA), d\u2019une enveloppe de 60 milliards de Fcfa. Au sortir de celle-ci, l\u2019on apprend de la direction g\u00e9n\u00e9rale du Tr\u00e9sor, de la coop\u00e9ration financi\u00e8re et mon\u00e9taire (Dgtcfm), du minist\u00e8re des Finances que sur l\u2019enveloppe sollicit\u00e9e, le pays a lev\u00e9 57,3 milliards de Fcfa, soit 95,5% du montant sollicit\u00e9. En effet c\u2019est la somme de 58,3 milliards de Fcfa qui a \u00e9t\u00e9 mise \u00e0 la disposition de l\u2019Etat par le r\u00e9seau des 21 Sp\u00e9cialistes en valeur du tr\u00e9sor que compte le Cameroun. Ceci au taux de 5,5%. Il est donc pr\u00e9vu que cette \u00e9mission d\u2019une maturit\u00e9 de 5 ans, arrive \u00e0 \u00e9ch\u00e9ance en mars 2027.<\/p>\n<p><strong>Lire aussi : <a href=\"https:\/\/ecomatin.net\/en-deux-mois-la-beac-a-ponctionne-165-milliards-s-dexcedents-de-liquidites-dans-les-banques-de-la-cemac\/\">En deux mois, la Beac a ponctionn\u00e9 165 milliards d\u2019exc\u00e9dents de liquidit\u00e9s dans les banques de la Cemac<\/a><\/strong><\/p>\n<p>Pour cette premi\u00e8re \u00e9mission inaugurale de son programme d\u2019\u00e9mission des OTA du premier semestre 2022, ou le Cameroun entend lever jusqu\u2019\u00e0 150 milliards de Fcfa, le gouvernement se dit satisfait du montant lev\u00e9. Selon la feuille de route dudit programme rendue public par le minist\u00e8re des Finances, le montant recherch\u00e9 oscillait dans l\u2019intervalle de 40 \u00e0 60 milliards de Fcfa.<\/p>\n<p><strong>Lire aussi : <a href=\"https:\/\/ecomatin.net\/secteur-de-lelectricite-la-beac-annonce-des-perspectives-prometteuses-dans-le-segment-de-la-production-au-1er-trimestre\/\">Secteur de l\u2019\u00e9lectricit\u00e9 : la Beac annonce des perspectives prometteuses dans le segment de la production au 1er trimestre<\/a><\/strong><\/p>\n<p>De plus, dans le cadre de ce programme d\u2019\u00e9mission, il est pr\u00e9vu trois autres \u00e9missions, dans les mois futurs. Il s\u2019agira de lever des fonds compris entre 15 et 30 milliards de Fcfa, pour des maturit\u00e9s de 2,5 et 6 ans. Le taux d\u2019int\u00e9r\u00eat variant de 3,5%, \u00e0 5,5% et 6%%.<\/p>\n<p><strong>Lire aussi : <a href=\"https:\/\/ecomatin.net\/cemac-la-beac-prevoit-une-amelioration-des-activites-de-restauration-et-hotellerie-au-1er-trimestre\/\">Cemac\u00a0: la Beac pr\u00e9voit une am\u00e9lioration des activit\u00e9s de restauration et h\u00f4tellerie au 1er trimestre<\/a><\/strong><\/p>\n<p>Rappelons que l\u2019accent mis sur les titres longs durant la p\u00e9riode sous-revue cadre ainsi avec les orientations fix\u00e9es par le Minfi, Louis Paul Motaze. \u00ab\u00a0Nous allons progressivement rallonger les maturit\u00e9s afin d\u2019\u00eatre sur tous les segments de la courbe des taux avec des obligations de 2 ans, 3 ans, 5 ans, 7 ans et 10 ans. Ces \u00e9missions seront \u00e9tal\u00e9es sur le long de l\u2019ann\u00e9e avec une forte concentration au premier semestre\u00a0\u00bb, avait confi\u00e9 Louis Paul Motaze.<\/p>\n<p>L\u2019article <a rel=\"nofollow\" href=\"https:\/\/ecomatin.net\/obligations-du-tresor-assimilable-le-cameroun-mobilise-57-milliards-sur-le-marche-de-la-beac\/\">Obligations du Tr\u00e9sor assimilable : le Cameroun mobilise 57 milliards sur le march\u00e9 de la Beac<\/a> est apparu en premier sur <a rel=\"nofollow\" href=\"https:\/\/ecomatin.net\/\">EcoMatin<\/a>.<\/p>\n<\/div>\n<p>Auteur: Cindy MBALA<br \/>\n<a href=\"https:\/\/ecomatin.net\/obligations-du-tresor-assimilable-le-cameroun-mobilise-57-milliards-sur-le-marche-de-la-beac\/\">Cliquez ici pour lire l&rsquo;article depuis sa source.<\/a><\/p>\n","protected":false},"excerpt":{"rendered":"<p>Le 7 mars dernier, le Cameroun proc\u00e9dait \u00e0 une op\u00e9ration d\u2019\u00e9mission d\u2019Obligations du tr\u00e9sor assimilables (OTA), d\u2019une enveloppe de 60 milliards de Fcfa. Au sortir de celle-ci, l\u2019on apprend de la direction g\u00e9n\u00e9rale du Tr\u00e9sor, de la coop\u00e9ration financi\u00e8re et mon\u00e9taire (Dgtcfm), du minist\u00e8re des Finances que sur l\u2019enveloppe sollicit\u00e9e, le pays a lev\u00e9 57,3 [&hellip;]<\/p>\n","protected":false},"author":1969,"featured_media":0,"comment_status":"closed","ping_status":"closed","sticky":false,"template":"","format":"standard","meta":{"fifu_image_url":"","fifu_image_alt":"","footnotes":""},"categories":[82,78],"tags":[],"class_list":["post-142922","post","type-post","status-publish","format-standard","hentry","category-cameroun","category-economie"],"_links":{"self":[{"href":"https:\/\/linitiative.ca\/International\/wp-json\/wp\/v2\/posts\/142922","targetHints":{"allow":["GET"]}}],"collection":[{"href":"https:\/\/linitiative.ca\/International\/wp-json\/wp\/v2\/posts"}],"about":[{"href":"https:\/\/linitiative.ca\/International\/wp-json\/wp\/v2\/types\/post"}],"author":[{"embeddable":true,"href":"https:\/\/linitiative.ca\/International\/wp-json\/wp\/v2\/users\/1969"}],"replies":[{"embeddable":true,"href":"https:\/\/linitiative.ca\/International\/wp-json\/wp\/v2\/comments?post=142922"}],"version-history":[{"count":0,"href":"https:\/\/linitiative.ca\/International\/wp-json\/wp\/v2\/posts\/142922\/revisions"}],"wp:attachment":[{"href":"https:\/\/linitiative.ca\/International\/wp-json\/wp\/v2\/media?parent=142922"}],"wp:term":[{"taxonomy":"category","embeddable":true,"href":"https:\/\/linitiative.ca\/International\/wp-json\/wp\/v2\/categories?post=142922"},{"taxonomy":"post_tag","embeddable":true,"href":"https:\/\/linitiative.ca\/International\/wp-json\/wp\/v2\/tags?post=142922"}],"curies":[{"name":"wp","href":"https:\/\/api.w.org\/{rel}","templated":true}]}}