{"id":142924,"date":"2022-03-11T12:57:33","date_gmt":"2022-03-11T17:57:33","guid":{"rendered":"https:\/\/linitiative.ca\/International\/selon-le-minfopra-les-usagers-font-des-economies-de-900-millions-de-f-grace-a-la-decentralisation-des-services\/"},"modified":"2022-03-11T12:57:33","modified_gmt":"2022-03-11T17:57:33","slug":"selon-le-minfopra-les-usagers-font-des-economies-de-900-millions-de-f-grace-a-la-decentralisation-des-services","status":"publish","type":"post","link":"https:\/\/linitiative.ca\/International\/selon-le-minfopra-les-usagers-font-des-economies-de-900-millions-de-f-grace-a-la-decentralisation-des-services\/","title":{"rendered":"Selon le Minfopra, les usagers font des \u00e9conomies de 900 millions de F gr\u00e2ce \u00e0 la d\u00e9centralisation des services"},"content":{"rendered":"<div>\n<p>De sources officielles, les r\u00e9formes engag\u00e9es par le\u00a0ministre de la Fonction publique et de la R\u00e9forme administrative (Minfopra), notamment la d\u00e9centralisation de certains services, ont permis aux 60 321 usagers\u00a0 ayant sollicit\u00e9 les diff\u00e9rents services disponibles en r\u00e9gion au cours de l\u2019ann\u00e9e 2021, d\u2019\u00e9conomiser pr\u00e8s de 900 millions de FCFA. Cette somme repr\u00e9sente le total des frais de transport, d\u2019h\u00e9bergement et de ration alimentaire auxquels ils auraient \u00e9t\u00e9 astreints s\u2019ils avaient s\u00e9journ\u00e9 \u00e0 Yaound\u00e9.<\/p>\n<p><strong>Lire aussi<\/strong> : <strong><a href=\"https:\/\/ecomatin.net\/fonction-publique-62-153-dossiers-s-de-recrutement-integration-reclassement-et-avancement-traites-en-2021\/\">Fonction Publique: 62 153 dossiers de recrutement, int\u00e9gration, reclassement et avancement trait\u00e9s en 2021<\/a><\/strong><\/p>\n<p>La cellule de communication du Minfopra qui donne cette information, rendait compte de l\u2019audience accord\u00e9e aux membres du\u00a0R\u00e9seau des parlementaires pour la d\u00e9centralisation et le d\u00e9veloppement local (Repaddel)\u00a0par le Joseph Le, le chef de ce d\u00e9partement minist\u00e9riel. Au cours des \u00e9changes, la pr\u00e9sidente du Repaddel, Berthe Nanga Mefant, est revenue sur les r\u00e9formes entreprises par le Minfopra pour faciliter l\u2019acc\u00e8s des usagers aux services du plus gros employeur de l\u2019Etat. Notamment, par la simplification et la d\u00e9mat\u00e9rialisation des proc\u00e9dures administratives visant la promotion d\u2019une fonction publique locale. On peut ainsi citer entre autres \u00ab\u00a0la d\u00e9concentration et\u00a0 le d\u00e9ploiement du Syst\u00e8me informatis\u00e9 de gestion int\u00e9gr\u00e9e du personnel de l\u2019Etat et de la solde (Sigipes) en r\u00e9gion, l\u2019inscription en ligne offerte aux candidats aux concours administratifs, la mise en place d\u2019un syst\u00e8me\u00a0 de vid\u00e9oconf\u00e9rence pour les \u00e9preuves orales des concours ainsi que\u00a0 la cr\u00e9ation de 434 centres d\u2019animation et de jeunesse dot\u00e9s\u00a0 d\u2019\u00e9quipements informatiques dans les r\u00e9gions et dans les d\u00e9partements \u00e0 cet effet\u00a0\u00bb. <\/p>\n<p>Au cours de l\u2019ann\u00e9e 2021, le Minfopra a milit\u00e9 et obtenu\u00a0 l\u2019extension de la signature des attestations\u00a0 de pr\u00e9sentation de l\u2019original des dipl\u00f4mes nagu\u00e8re r\u00e9serv\u00e9e aux gouverneurs des r\u00e9gions et aux pr\u00e9fets, \u00e0\u00a0 l\u2019endroit des sous-pr\u00e9fets. L\u2019on apprend alors que cette mesure a permis de passer de 68 autorit\u00e9s signataires \u00e0 428 en moins d\u2019un an. Toujours dans le cadre de la d\u00e9centralisation des services jadis concentr\u00e9s \u00e0 Yaound\u00e9, les membres du Repaddel ont soulign\u00e9 avec satisfaction \u00ab\u00a0la mise en place des conseils r\u00e9gionaux de discipline, le retrait des actes administratifs\u00a0 en r\u00e9gion, le renseignement \u00e0 travers les plates-formes num\u00e9riques, un num\u00e9ro vert totalement gratuit\u00a0\u00bb.<\/p>\n<p><strong>Lire aussi<\/strong> : <strong><a href=\"https:\/\/ecomatin.net\/yaounde-une-bombe-artisanale-decouverte-au-minfopra\/\">Yaound\u00e9 : fausse alerte au Minfopra<\/a><\/strong><\/p>\n<p>L\u2019\u00e9quipe conduite par Berthe Ondoua Mefant est \u00e9galement all\u00e9e rencontrer Joseph Le pour \u00ab\u00a0une main tendue\u00a0\u00bb. Elle lui a propos\u00e9 un partenariat en vue de la promotion des actions cit\u00e9es supra aupr\u00e8s de leurs populations locales. Une offre accueillie favorablement par le destinataire de ce message.<\/p>\n<p>Pour rappel, le Repaddel a \u00e9t\u00e9 cr\u00e9\u00e9 en ao\u00fbt 2020. Selon ses founding fathers, il se pr\u00e9sente comme un organe d\u2019appui aux activit\u00e9s des administrations publiques qui s\u2019int\u00e9ressent \u00e0 la d\u00e9centralisation et aux proc\u00e9dures de d\u00e9concentration du travail administratif pour am\u00e9liorer l\u2019acc\u00e8s des usagers aux services de proximit\u00e9 et de qualit\u00e9.<\/p>\n<p>L\u2019article <a rel=\"nofollow\" href=\"https:\/\/ecomatin.net\/selon-le-minfopra-les-usagers-font-des-economies-de-900-millions-de-f-grace-a-la-decentralisation-des-services\/\">Selon le Minfopra, les usagers font des \u00e9conomies de 900 millions de F gr\u00e2ce \u00e0 la d\u00e9centralisation des services<\/a> est apparu en premier sur <a rel=\"nofollow\" href=\"https:\/\/ecomatin.net\/\">EcoMatin<\/a>.<\/p>\n<\/div>\n<p>Auteur: Bernard Bangda<br \/>\n<a href=\"https:\/\/ecomatin.net\/selon-le-minfopra-les-usagers-font-des-economies-de-900-millions-de-f-grace-a-la-decentralisation-des-services\/\">Cliquez ici pour lire l&rsquo;article depuis sa source.<\/a><\/p>\n","protected":false},"excerpt":{"rendered":"<p>De sources officielles, les r\u00e9formes engag\u00e9es par le\u00a0ministre de la Fonction publique et de la R\u00e9forme administrative (Minfopra), notamment la d\u00e9centralisation de certains services, ont permis aux 60 321 usagers\u00a0 ayant sollicit\u00e9 les diff\u00e9rents services disponibles en r\u00e9gion au cours de l\u2019ann\u00e9e 2021, d\u2019\u00e9conomiser pr\u00e8s de 900 millions de FCFA. Cette somme repr\u00e9sente le total [&hellip;]<\/p>\n","protected":false},"author":1969,"featured_media":0,"comment_status":"closed","ping_status":"closed","sticky":false,"template":"","format":"standard","meta":{"fifu_image_url":"","fifu_image_alt":"","footnotes":""},"categories":[82,78],"tags":[],"class_list":["post-142924","post","type-post","status-publish","format-standard","hentry","category-cameroun","category-economie"],"_links":{"self":[{"href":"https:\/\/linitiative.ca\/International\/wp-json\/wp\/v2\/posts\/142924","targetHints":{"allow":["GET"]}}],"collection":[{"href":"https:\/\/linitiative.ca\/International\/wp-json\/wp\/v2\/posts"}],"about":[{"href":"https:\/\/linitiative.ca\/International\/wp-json\/wp\/v2\/types\/post"}],"author":[{"embeddable":true,"href":"https:\/\/linitiative.ca\/International\/wp-json\/wp\/v2\/users\/1969"}],"replies":[{"embeddable":true,"href":"https:\/\/linitiative.ca\/International\/wp-json\/wp\/v2\/comments?post=142924"}],"version-history":[{"count":0,"href":"https:\/\/linitiative.ca\/International\/wp-json\/wp\/v2\/posts\/142924\/revisions"}],"wp:attachment":[{"href":"https:\/\/linitiative.ca\/International\/wp-json\/wp\/v2\/media?parent=142924"}],"wp:term":[{"taxonomy":"category","embeddable":true,"href":"https:\/\/linitiative.ca\/International\/wp-json\/wp\/v2\/categories?post=142924"},{"taxonomy":"post_tag","embeddable":true,"href":"https:\/\/linitiative.ca\/International\/wp-json\/wp\/v2\/tags?post=142924"}],"curies":[{"name":"wp","href":"https:\/\/api.w.org\/{rel}","templated":true}]}}