{"id":142925,"date":"2022-03-11T13:21:48","date_gmt":"2022-03-11T18:21:48","guid":{"rendered":"https:\/\/linitiative.ca\/International\/crise-a-loapi-le-comite-ad-hoc-parle-dune-guerre-de-positionnement\/"},"modified":"2022-03-11T13:21:48","modified_gmt":"2022-03-11T18:21:48","slug":"crise-a-loapi-le-comite-ad-hoc-parle-dune-guerre-de-positionnement","status":"publish","type":"post","link":"https:\/\/linitiative.ca\/International\/crise-a-loapi-le-comite-ad-hoc-parle-dune-guerre-de-positionnement\/","title":{"rendered":"Crise \u00e0 l\u2019Oapi : le comit\u00e9 ad hoc parle d\u2019une guerre de positionnement"},"content":{"rendered":"<div>\n<p>Le comit\u00e9 ad hoc mis en place au terme de la session du conseil d\u2019administration de l\u2019Organisation africaine de la propri\u00e9t\u00e9 intellectuelle (Oapi) du 10 d\u00e9cembre 2021 \u00e0 Cotonou (B\u00e9nin), pour appuyer la direction g\u00e9n\u00e9rale dans l\u2019apaisement du climat social dans cette institution est arriv\u00e9 au terme de sa mission \u00e0 Yaound\u00e9. L\u2019instance compos\u00e9e de Anacleto Olo Mibuy, pr\u00e9sident du Conseil de la recherche scientifique et technologique de Guin\u00e9e \u00e9quatoriale, Salmou Gourouza Magagi, ministre de l\u2019Industrie et de l\u2019Entrepreneuriat des jeunes du Niger et de Mohamed Bakayoko, secr\u00e9taire g\u00e9n\u00e9ral du minist\u00e8re du Commerce de Guin\u00e9e, qui rendra sa copie dans les jours \u00e0 venir, a achev\u00e9 les 10 mars dans la capitale camerounaise, des concertations avec le personnel hors cat\u00e9gorie (DG, DG\/A et contr\u00f4leur financier) puis avec les d\u00e9l\u00e9gu\u00e9 du personnel. Elle a, enfin, tenu une Assembl\u00e9e g\u00e9n\u00e9rale le 11 mars avec tout le personnel de l\u2019organisation.<\/p>\n<p><strong>Lire aussi : <a href=\"https:\/\/ecomatin.net\/protection-de-la-propriete-intellectuelle-les-innovations-de-loapi-des-2022\/\">Protection de la propri\u00e9t\u00e9 intellectuelle : les innovations de l\u2019Oapi d\u00e8s 2022<\/a><\/strong><\/p>\n<p>Les premi\u00e8res conclusions du comit\u00e9 ad hoc blanchissent le DG de l\u2019Oapi, qui avait fait l\u2019objet d\u2019une suspension de deux mois, avant d\u2019\u00eatre r\u00e9habilit\u00e9 le 10 d\u00e9cembre 2021 pour des accusations de malversations financi\u00e8res pr\u00e9sum\u00e9es port\u00e9es contre lui par le DG\/A et le contr\u00f4leur financier. Il \u00e9tait \u00e9galement accus\u00e9 par m\u00e9dias interpos\u00e9s, d\u2019avoir bloqu\u00e9 les salaires du personnel,\u00a0 les dotations en carburant, les retraites compl\u00e9mentaires et\u00a0 le paiement des factures des prestataires. Ces accusations n\u2019ont pas pu \u00eatre document\u00e9es, ce qui fait dire aux membres du comit\u00e9 ad hoc que la crise fortement m\u00e9diatis\u00e9e au sein de l\u2019Oapi participe davantage d\u2019une guerre de positionnement. \u00ab\u00a0Ce n\u2019est pas un probl\u00e8me majeur. Les comptes sont bien tenus, l\u2019Oapi est l\u2019une des institutions en Afrique qui, depuis sa cr\u00e9ation, n\u2019a pas connu de probl\u00e8mes majeurs en termes de management. La crise \u00e0 laquelle nous venons d\u2019assister, apparemment, est un probl\u00e8me r\u00e9current \u00e0 l\u2019Oapi \u00e0 chaque veille du renouvellement du mandat du personnel dirigeant. Donc, il y a peut-\u00eatre un probl\u00e8me de positionnement\u00a0\u00bb, souligne Salmou Gourouza Magagi.<\/p>\n<p><strong>S\u00e9r\u00e9nit\u00e9<\/strong><\/p>\n<p>Pour d\u00e9passionner le d\u00e9bat, la ministre de l\u2019Industrie et de l\u2019Entrepreneuriat des jeunes du Niger et ses coll\u00e8gues n\u2019ont pas manqu\u00e9 de rappeler au personnel que \u00ab\u00a0son r\u00f4le premier n\u2019est pas d\u2019envenimer la situation en prenant partie\u00a0\u00bb. \u00ab\u00a0Les \u00e9quipes doivent rester soud\u00e9es afin de consolider le vivre-ensemble qu\u2019elles ont toujours v\u00e9cu. Elles doivent accompagner leurs dirigeants \u00e0 trouver des solutions aux probl\u00e8mes personnels que les uns et les autres pourraient avoir. Je constate qu\u2019il y a plus de probl\u00e8mes personnels. Nous sommes all\u00e9s en d\u00e9tail dans les comptes de l\u2019Oapi pendant le dernier conseil d\u2019administration. Il n\u2019y a absolument rien qui puisse nous inqui\u00e9ter dans la tenue de ceux-ci. Bien au contraire, les finances de l\u2019organisation se portent bien. Pour le reste, nous pensons que nous avons \u00e9t\u00e9 bien entendus par les uns et les autres et nous esp\u00e9rons que la s\u00e9r\u00e9nit\u00e9 va revenir tr\u00e8s rapidement\u00a0\u00bb, conclut-elle.<\/p>\n<p><strong>Courbe ascendante<\/strong><\/p>\n<p>En fait de comptes, les chiffres officiels rendus publics par le top management indiquent que le r\u00e9sultat net de l\u2019Oapi est pass\u00e9 de 952,3 millions Fcfa en 2017 qui marque le d\u00e9but du mandat de l\u2019actuel DG, l\u2019Ivoirien Denis Bohoussou, \u00e0 un peu plus de 1,3 milliard Fcfa en 2018. Il est rest\u00e9 sur une courbe ascendante en 2019 o\u00f9 il a atteint jusqu\u2019\u00e0 1,8 milliard Fcfa, avant de retomber \u00e0 1,5 milliard en 2020 du fait de la survenue de la pand\u00e9mie du coronavirus. \u00ab\u00a0Gr\u00e2ce \u00e0 ces r\u00e9sultats financiers, l\u2019Oapi est en mesure aujourd\u2019hui de revoir la taxation de certaines de ses prestations \u00e0 la baisse jusqu\u2019\u00e0 20% et d\u2019envisager l\u2019examen quant au fond des demandes de protection des inventions et autres innovations technologiques et des marques de produits ou services\u00a0\u00bb, s\u2019\u00e9tait f\u00e9licit\u00e9 le directeur g\u00e9n\u00e9ral lors d\u2019une conf\u00e9rence de presse donn\u00e9e fin janvier dernier \u00e0 Yaound\u00e9.\u00a0\u00a0<\/p>\n<p><strong>Lire aussi : <a href=\"https:\/\/ecomatin.net\/campagne-contre-le-dg-loapi-veut-retablir-la-verite\/\">Campagne contre le DG : l\u2019Oapi donne rendez-vous a la presse<\/a><\/strong><\/p>\n<p>Doyen du conseil et administrateur pour la Guin\u00e9e \u00e9quatoriale, Anacleto Olo Mibuy pense pour sa part que l\u2019Oapi a acquis depuis 60 ans la cr\u00e9dibilit\u00e9 de par la transparence de sa gestion. \u00ab\u00a0Nous devons, au lieu de rentrer dans des querelles intestines, faire en sorte que ces acquis soient pr\u00e9serv\u00e9s et consolid\u00e9s. Nous pensons que la seule personne qui doit gagner c\u2019est l\u2019institution. L\u2019Oapi n\u2019est pas un parti politique\u00a0\u00bb, ass\u00e8ne-t-il.\u00a0\u00a0<\/p>\n<p><strong>Lire aussi : <a href=\"https:\/\/ecomatin.net\/denis-bohoussou-retabli-dans-ses-fonctions-de-directeur-general-de-loapi-21\/\">Denis Bohoussou r\u00e9tabli dans ses fonctions de Directeur g\u00e9n\u00e9ral de l\u2019Oapi<\/a><\/strong><\/p>\n<p>L\u2019article <a rel=\"nofollow\" href=\"https:\/\/ecomatin.net\/crise-a-loapi-le-comite-ad-hoc-parle-dune-guerre-de-positionnement\/\">Crise \u00e0 l\u2019Oapi : le comit\u00e9 ad hoc parle d\u2019une guerre de positionnement<\/a> est apparu en premier sur <a rel=\"nofollow\" href=\"https:\/\/ecomatin.net\/\">EcoMatin<\/a>.<\/p>\n<\/div>\n<p>Auteur: EcoMatin<br \/>\n<a href=\"https:\/\/ecomatin.net\/crise-a-loapi-le-comite-ad-hoc-parle-dune-guerre-de-positionnement\/\">Cliquez ici pour lire l&rsquo;article depuis sa source.<\/a><\/p>\n","protected":false},"excerpt":{"rendered":"<p>Le comit\u00e9 ad hoc mis en place au terme de la session du conseil d\u2019administration de l\u2019Organisation africaine de la propri\u00e9t\u00e9 intellectuelle (Oapi) du 10 d\u00e9cembre 2021 \u00e0 Cotonou (B\u00e9nin), pour appuyer la direction g\u00e9n\u00e9rale dans l\u2019apaisement du climat social dans cette institution est arriv\u00e9 au terme de sa mission \u00e0 Yaound\u00e9. L\u2019instance compos\u00e9e de [&hellip;]<\/p>\n","protected":false},"author":1969,"featured_media":0,"comment_status":"closed","ping_status":"closed","sticky":false,"template":"","format":"standard","meta":{"fifu_image_url":"","fifu_image_alt":"","footnotes":""},"categories":[82,78],"tags":[],"class_list":["post-142925","post","type-post","status-publish","format-standard","hentry","category-cameroun","category-economie"],"_links":{"self":[{"href":"https:\/\/linitiative.ca\/International\/wp-json\/wp\/v2\/posts\/142925","targetHints":{"allow":["GET"]}}],"collection":[{"href":"https:\/\/linitiative.ca\/International\/wp-json\/wp\/v2\/posts"}],"about":[{"href":"https:\/\/linitiative.ca\/International\/wp-json\/wp\/v2\/types\/post"}],"author":[{"embeddable":true,"href":"https:\/\/linitiative.ca\/International\/wp-json\/wp\/v2\/users\/1969"}],"replies":[{"embeddable":true,"href":"https:\/\/linitiative.ca\/International\/wp-json\/wp\/v2\/comments?post=142925"}],"version-history":[{"count":0,"href":"https:\/\/linitiative.ca\/International\/wp-json\/wp\/v2\/posts\/142925\/revisions"}],"wp:attachment":[{"href":"https:\/\/linitiative.ca\/International\/wp-json\/wp\/v2\/media?parent=142925"}],"wp:term":[{"taxonomy":"category","embeddable":true,"href":"https:\/\/linitiative.ca\/International\/wp-json\/wp\/v2\/categories?post=142925"},{"taxonomy":"post_tag","embeddable":true,"href":"https:\/\/linitiative.ca\/International\/wp-json\/wp\/v2\/tags?post=142925"}],"curies":[{"name":"wp","href":"https:\/\/api.w.org\/{rel}","templated":true}]}}