{"id":142926,"date":"2022-03-11T13:31:32","date_gmt":"2022-03-11T18:31:32","guid":{"rendered":"https:\/\/linitiative.ca\/International\/filets-sociaux-la-banque-mondiale-octroie-93-milliards-a-plus-de-200-000-personnes-vulnerables\/"},"modified":"2022-03-11T13:31:32","modified_gmt":"2022-03-11T18:31:32","slug":"filets-sociaux-la-banque-mondiale-octroie-93-milliards-a-plus-de-200-000-personnes-vulnerables","status":"publish","type":"post","link":"https:\/\/linitiative.ca\/International\/filets-sociaux-la-banque-mondiale-octroie-93-milliards-a-plus-de-200-000-personnes-vulnerables\/","title":{"rendered":"Filets sociaux\u00a0: la Banque mondiale octroie 93 milliards \u00e0 plus de 200 000 personnes vuln\u00e9rables"},"content":{"rendered":"<div>\n<p>Selon un communiqu\u00e9 rendu public le m\u00eame jour sur son site internet, le 9 mars 2022 \u00e0 Washington DC, la Banque mondiale (BM) a approuv\u00e9 un cr\u00e9dit de l\u2019Association internationale de d\u00e9veloppement (IDA) d\u2019un montant de pr\u00e8s de 93 milliards de FCFA au b\u00e9n\u00e9fice de 217\u00a0500\u00a0personnes, issues des m\u00e9nages pauvres, des jeunes de 18 \u00e0 35\u00a0ans vivant en zone urbaine mais surtout et, en grande partie, des personnes d\u00e9plac\u00e9es \u00e0 l\u2019int\u00e9rieur du pays. Les parties s\u2019accordent pour dire que \u00ab\u00a0ce cr\u00e9dit va permettre au Cameroun d\u2019\u00e9tendre et moderniser son syst\u00e8me de protection sociale et d\u2019offrir de meilleures perspectives d\u2019emploi aux jeunes urbains en situation pr\u00e9caire\u00a0\u00bb. Pour cela, selon la BM, la distribution de ces fonds aux b\u00e9n\u00e9ficiaires se fera \u00e0 travers un syst\u00e8me de paiement num\u00e9rique sous-tendu par la cr\u00e9ation d\u2019un registre social afin d\u2019en garantir la transparence et la s\u00e9curit\u00e9.<\/p>\n<p><strong>Lire aussi : <a href=\"https:\/\/ecomatin.net\/electricite-la-banque-mondiale-accorde-178-milliards-s-de-f-pour-linterconnexion-du-cameroun-au-tchad\/\">Electricit\u00e9: la Banque mondiale accorde 178 milliards de F pour l\u2019interconnexion du Cameroun au Tchad<\/a><\/strong><\/p>\n<p>Concr\u00e8tement, le projet vise \u00e0 \u00ab\u00a0\u00e9tendre la port\u00e9e et la capacit\u00e9 de r\u00e9ponse aux chocs du syst\u00e8me de filets sociaux pour les m\u00e9nages pauvres\u00a0et accro\u00eetre l\u2019acc\u00e8s des jeunes dans les zones urbaines \u00e0 des activit\u00e9s g\u00e9n\u00e9ratrices de revenus et \u00e0 des possibilit\u00e9s d\u2019entrepreneuriat\u00a0\u00bb.<\/p>\n<p>Pour le\u00a0directeur des op\u00e9rations de la BM pour le Cameroun, l\u2019accord de financement obtenu par le Cameroun se justifie par\u00a0\u00ab\u00a0les limites observ\u00e9es dans la port\u00e9e des dispositifs d\u2019aide sociale [au Cameroun]\u00a0\u00bb. D\u2019o\u00f9 la n\u00e9cessit\u00e9, pour\u00a0Abdoulaye Seck,\u00a0de \u00ab\u00a0renforcer davantage les syst\u00e8mes de protection sociale, en particulier pour les femmes et les jeunes, et d\u2019amortir ainsi les chocs\u00a0\u00bb.\u00a0Surtout que, selon la BM, \u00ab\u00a0dans un contexte o\u00f9 la r\u00e9ponse \u00e0 la pand\u00e9mie de Covid-19 a mis en \u00e9vidence la n\u00e9cessit\u00e9 de fournir un soutien rapide aux populations touch\u00e9es et vuln\u00e9rables, il est particuli\u00e8rement important de mettre l\u2019accent sur l\u2019inclusion \u00e9conomique des jeunes, la lutte contre le sous-emploi et la promotion de l\u2019entrepreneuriat.\u00a0\u00bb<\/p>\n<p><strong>Lire aussi : <a href=\"https:\/\/ecomatin.net\/la-banque-mondiale-octroie-un-n-financement-de-116-milliards-a-la-semry-pour-renforcer-sa-production\/\">La Banque mondiale octroie un financement de 116 milliards \u00e0 la Semry pour renforcer sa production<\/a><\/strong><\/p>\n<p>Pour rappel, c\u2019est lorsque la crise \u00e9conomique mondiale avait menac\u00e9 de freiner les progr\u00e8s effectu\u00e9s par l\u2019Afrique en mati\u00e8re de r\u00e9duction de la pauvret\u00e9 que la BM a adopt\u00e9 les filets sociaux qui se sont av\u00e9r\u00e9s \u00eatre des outils efficaces pour pr\u00e9server les gains r\u00e9alis\u00e9s. Dans une \u00e9tude intitul\u00e9e \u00ab\u00a0R\u00e9duire la pauvret\u00e9 et investir dans le capital humain\u00a0: le nouveau r\u00f4le des filets sociaux en Afrique\u00a0\u00bb, cette institution de Bretton Woods r\u00e9v\u00e8le que la mise en \u0153uvre de programmes de filets sociaux dans 22 pays d\u2019Afrique a contribu\u00e9 de mani\u00e8re importante \u00e0 la lutte contre l\u2019extr\u00eame pauvret\u00e9 et aident \u00e0 promouvoir une croissance partag\u00e9e.\u00a0Des \u00e9valuations d\u2019impact ont ainsi montr\u00e9 que ces dispositifs permettaient notamment aux m\u00e9nages de satisfaire leurs besoins essentiels, de pr\u00e9server leurs actifs g\u00e9n\u00e9rateurs de revenus, comme le b\u00e9tail, et d\u2019investir dans l\u2019\u00e9ducation et la sant\u00e9 de leurs enfants.<\/p>\n<p><strong>Lire aussi : <a href=\"https:\/\/ecomatin.net\/la-banque-mondiale-va-octroyer-178-milliards-au-cameroun-pour-le-projet-dinterconnexion-des-reseaux-electriques-du-cameroun-et-du-tchad\/\">La Banque mondiale va octroyer 178 milliards au Cameroun, pour le Projet d\u2019interconnexion des r\u00e9seaux \u00e9lectriques du Cameroun et du Tchad<\/a><\/strong><\/p>\n<p>Au d\u00e9part, ces programmes \u00e9taient ax\u00e9s sur l\u2019aide d\u2019urgence, notamment la distribution de vivres lors des p\u00e9riodes de s\u00e9cheresse ou d\u2019ins\u00e9curit\u00e9 alimentaire. Puis, l\u2019on est pass\u00e9 \u00e0 des transferts mon\u00e9taires plus r\u00e9guliers et des travaux\u00a0 contre r\u00e9mun\u00e9ration.<\/p>\n<p>Au Cameroun, ce projet est lanc\u00e9 en novembre 2013 afin de r\u00e9duire la pauvret\u00e9 et l\u2019ins\u00e9curit\u00e9 alimentaire dans la commune de Souled\u00e9-Roua, \u00e0 l\u2019Extr\u00eame-Nord. Dans cette municipalit\u00e9 pr\u00e9sent\u00e9e comme la plus pauvre du pays, le projet a permis de toucher 2\u00a0000 m\u00e9nages. Depuis lors, il s\u2019est \u00e9tendu \u00e0 d\u2019autres r\u00e9gions.<\/p>\n<p><strong>Lire aussi : <a href=\"https:\/\/ecomatin.net\/troncon-mora-dabanga-kousseri-la-banque-mondiale-e-envisage-un-financement-supplementaire\/\">Tron\u00e7on Mora-Dabanga-Kousseri: la Banque mondiale envisage un financement suppl\u00e9mentaire<\/a><\/strong><\/p>\n<p>L\u2019article <a rel=\"nofollow\" href=\"https:\/\/ecomatin.net\/filets-sociaux-la-banque-mondiale-octroie-93-milliards-a-plus-de-200-000-personnes-vulnerables\/\">Filets sociaux\u00a0: la Banque mondiale octroie 93 milliards \u00e0 plus de 200 000 personnes vuln\u00e9rables<\/a> est apparu en premier sur <a rel=\"nofollow\" href=\"https:\/\/ecomatin.net\/\">EcoMatin<\/a>.<\/p>\n<\/div>\n<p>Auteur: Bernard Bangda<br \/>\n<a href=\"https:\/\/ecomatin.net\/filets-sociaux-la-banque-mondiale-octroie-93-milliards-a-plus-de-200-000-personnes-vulnerables\/\">Cliquez ici pour lire l&rsquo;article depuis sa source.<\/a><\/p>\n","protected":false},"excerpt":{"rendered":"<p>Selon un communiqu\u00e9 rendu public le m\u00eame jour sur son site internet, le 9 mars 2022 \u00e0 Washington DC, la Banque mondiale (BM) a approuv\u00e9 un cr\u00e9dit de l\u2019Association internationale de d\u00e9veloppement (IDA) d\u2019un montant de pr\u00e8s de 93 milliards de FCFA au b\u00e9n\u00e9fice de 217\u00a0500\u00a0personnes, issues des m\u00e9nages pauvres, des jeunes de 18 \u00e0 [&hellip;]<\/p>\n","protected":false},"author":1969,"featured_media":0,"comment_status":"closed","ping_status":"closed","sticky":false,"template":"","format":"standard","meta":{"fifu_image_url":"","fifu_image_alt":"","footnotes":""},"categories":[82,78],"tags":[],"class_list":["post-142926","post","type-post","status-publish","format-standard","hentry","category-cameroun","category-economie"],"_links":{"self":[{"href":"https:\/\/linitiative.ca\/International\/wp-json\/wp\/v2\/posts\/142926","targetHints":{"allow":["GET"]}}],"collection":[{"href":"https:\/\/linitiative.ca\/International\/wp-json\/wp\/v2\/posts"}],"about":[{"href":"https:\/\/linitiative.ca\/International\/wp-json\/wp\/v2\/types\/post"}],"author":[{"embeddable":true,"href":"https:\/\/linitiative.ca\/International\/wp-json\/wp\/v2\/users\/1969"}],"replies":[{"embeddable":true,"href":"https:\/\/linitiative.ca\/International\/wp-json\/wp\/v2\/comments?post=142926"}],"version-history":[{"count":0,"href":"https:\/\/linitiative.ca\/International\/wp-json\/wp\/v2\/posts\/142926\/revisions"}],"wp:attachment":[{"href":"https:\/\/linitiative.ca\/International\/wp-json\/wp\/v2\/media?parent=142926"}],"wp:term":[{"taxonomy":"category","embeddable":true,"href":"https:\/\/linitiative.ca\/International\/wp-json\/wp\/v2\/categories?post=142926"},{"taxonomy":"post_tag","embeddable":true,"href":"https:\/\/linitiative.ca\/International\/wp-json\/wp\/v2\/tags?post=142926"}],"curies":[{"name":"wp","href":"https:\/\/api.w.org\/{rel}","templated":true}]}}