{"id":142927,"date":"2022-03-12T07:20:24","date_gmt":"2022-03-12T12:20:24","guid":{"rendered":"https:\/\/linitiative.ca\/International\/ouvert-a-tous-les-porteurs-de-projets-1000-fikra-le-programme-dinnovation-sociale-dafriquia\/"},"modified":"2022-03-12T07:20:24","modified_gmt":"2022-03-12T12:20:24","slug":"ouvert-a-tous-les-porteurs-de-projets-1000-fikra-le-programme-dinnovation-sociale-dafriquia","status":"publish","type":"post","link":"https:\/\/linitiative.ca\/International\/ouvert-a-tous-les-porteurs-de-projets-1000-fikra-le-programme-dinnovation-sociale-dafriquia\/","title":{"rendered":"Ouvert \u00e0 tous les porteurs de projets: \u00ab1000 Fikra\u00bb, le programme d\u2019innovation sociale d\u2019Afriquia"},"content":{"rendered":"<div>\n<p><img loading=\"lazy\" decoding=\"async\" width=\"300\" height=\"153\" src=\"https:\/\/linitiative.ca\/International\/wp-content\/uploads\/sites\/23\/2022\/03\/Afriquia-1000-fikra-300x153-1.png\" class=\"attachment-medium size-medium wp-post-image\" alt=\"\" srcset=\"https:\/\/linitiative.ca\/International\/wp-content\/uploads\/sites\/23\/2022\/03\/Afriquia-1000-fikra-300x153-1.png 300w, https:\/\/aujourdhui.ma\/wp-content\/uploads\/2022\/03\/Afriquia-1000-fikra-274x140.png 274w, https:\/\/aujourdhui.ma\/wp-content\/uploads\/2022\/03\/Afriquia-1000-fikra.png 746w, https:\/\/aujourdhui.ma\/wp-content\/uploads\/2022\/03\/Afriquia-1000-fikra-165x84.png 165w, https:\/\/aujourdhui.ma\/wp-content\/uploads\/2022\/03\/Afriquia-1000-fikra-702x358.png 702w\" sizes=\"auto, (max-width: 300px) 100vw, 300px\"><\/p>\n<p><span style=\"color: #800000;\"><strong>Apr\u00e8s le succ\u00e8s de sa premi\u00e8re \u00e9dition, le programme \u00ab 1.000 Fikra \u00bb initi\u00e9 par Afriquia renouvelle l\u2019exp\u00e9rience en lan\u00e7ant un appel \u00e0 candidature en d\u00e9cembre dernier.<\/strong><\/span><span id=\"more-402142\"><\/span><\/p>\n<p>Cette initiative s\u2019adresse aux jeunes porteurs d\u2019id\u00e9es innovantes. Pas besoin de dipl\u00f4mes ou d\u2019exp\u00e9rience, ce programme est gratuit et accessible \u00e0 tous les Marocains sans conditions. En effet, la premi\u00e8re \u00e9dition de l\u2019Initiative a pr\u00e9sent\u00e9 un bilan tr\u00e8s positif : 389 nouvelles entreprises prometteuses, r\u00e9parties sur l\u2019ensemble du territoire national, viennent en effet de faire leurs premiers pas sur le march\u00e9 marocain. 14.000 dossiers ont \u00e9t\u00e9 re\u00e7us apr\u00e8s le lancement officiel de la campagne d\u2019appel \u00e0 candidatures en fin 2019. Suite \u00e0 l\u2019\u00e9tape d\u2019examen du dossier, les experts qui accompagnent ce projet ont parcouru les 12 r\u00e9gions du Royaume afin d\u2019effectuer plus de 950 entretiens.<\/p>\n<p>Ainsi, 516 projets ont \u00e9t\u00e9 retenus et accompagn\u00e9s. Ces projets couvrent diff\u00e9rents secteurs d\u2019activit\u00e9s comme le commerce, l\u2019\u00e9ducation, l\u2019agriculture, l\u2019agroalimentaire, le textile et l\u2019habillement ou encore l\u2019artisanat. Dans ce sens, plus de 90% des porteurs de projets ont d\u00e9velopp\u00e9 un prototype sur le march\u00e9 et 97% ont d\u00e9j\u00e0 finalis\u00e9 leur statut juridique. Plus encore, cette innovation sociale sign\u00e9e Afriquia a permis de cr\u00e9er pr\u00e8s de 500 opportunit\u00e9s d\u2019emploi (CDI, CDD, stages). Par genre, 70% des projets s\u00e9lectionn\u00e9s sont port\u00e9s par des hommes et 30% par des femmes.<br \/>\nL\u2019accompagnement offert par ce programme a permis \u00e0 80% des projets accompagn\u00e9s de se transformer du stade id\u00e9e \u00e0 des stades plus avanc\u00e9s. Afriquia, \u00e0 travers son Initiative 1.000 Fikra, a d\u00e9ploy\u00e9, \u00e0 travers les diff\u00e9rentes r\u00e9gions du Royaume, pr\u00e8s de 367 formations, soit environ 648 heures, r\u00e9serv\u00e9es aux soft skills.<\/p>\n<p>Une fois cette premi\u00e8re \u00e9tape de la formation franchie, les porteurs de projets ont profit\u00e9 de 4 mois d\u2019incubation o\u00f9 ils ont b\u00e9n\u00e9fici\u00e9 d\u2019un dispositif d\u2019accompagnement complet : 854 s\u00e9ances de coachings individuels ou collectifs et de master class traitant de diff\u00e9rentes th\u00e9matiques ont \u00e9t\u00e9 organis\u00e9es lors des bootcamps.<br \/>\nLe programme a fourni plus de 1.600 s\u00e9ances de mentorat organis\u00e9es gr\u00e2ce \u00e0 la mobilisation de 350 professionnels de l\u2019entrepreneuriat. Sans parler des 720 ateliers tenus sur diff\u00e9rentes th\u00e9matiques, organis\u00e9s au sein de multiples bootcamps afin d\u2019acc\u00e9l\u00e9rer la pr\u00e9paration de ces jeunes pousses.<\/p>\n<p>\u00a0<\/p>\n<\/div>\n<p>Auteur: Ouchagour Leila<br \/>\n<a href=\"https:\/\/aujourdhui.ma\/economie\/ouvert-a-tous-les-porteurs-de-projets-1000-fikra-le-programme-dinnovation-sociale-dafriquia\">Cliquez ici pour lire l&rsquo;article depuis sa source.<\/a><\/p>\n","protected":false},"excerpt":{"rendered":"<p>Apr\u00e8s le succ\u00e8s de sa premi\u00e8re \u00e9dition, le programme \u00ab 1.000 Fikra \u00bb initi\u00e9 par Afriquia renouvelle l\u2019exp\u00e9rience en lan\u00e7ant un appel \u00e0 candidature en d\u00e9cembre dernier. Cette initiative s\u2019adresse aux jeunes porteurs d\u2019id\u00e9es innovantes. Pas besoin de dipl\u00f4mes ou d\u2019exp\u00e9rience, ce programme est gratuit et accessible \u00e0 tous les Marocains sans conditions. En effet, [&hellip;]<\/p>\n","protected":false},"author":1759,"featured_media":0,"comment_status":"closed","ping_status":"closed","sticky":false,"template":"","format":"standard","meta":{"fifu_image_url":"https:\/\/aujourdhui.ma\/wp-content\/uploads\/2022\/03\/Afriquia-1000-fikra-300x153.png","fifu_image_alt":"Ouvert \u00e0 tous les porteurs de projets: \u00ab1000 Fikra\u00bb, le programme d\u2019innovation sociale d\u2019Afriquia","footnotes":""},"categories":[73,54],"tags":[],"class_list":["post-142927","post","type-post","status-publish","format-standard","hentry","category-actualite","category-maroc"],"_links":{"self":[{"href":"https:\/\/linitiative.ca\/International\/wp-json\/wp\/v2\/posts\/142927","targetHints":{"allow":["GET"]}}],"collection":[{"href":"https:\/\/linitiative.ca\/International\/wp-json\/wp\/v2\/posts"}],"about":[{"href":"https:\/\/linitiative.ca\/International\/wp-json\/wp\/v2\/types\/post"}],"author":[{"embeddable":true,"href":"https:\/\/linitiative.ca\/International\/wp-json\/wp\/v2\/users\/1759"}],"replies":[{"embeddable":true,"href":"https:\/\/linitiative.ca\/International\/wp-json\/wp\/v2\/comments?post=142927"}],"version-history":[{"count":0,"href":"https:\/\/linitiative.ca\/International\/wp-json\/wp\/v2\/posts\/142927\/revisions"}],"wp:attachment":[{"href":"https:\/\/linitiative.ca\/International\/wp-json\/wp\/v2\/media?parent=142927"}],"wp:term":[{"taxonomy":"category","embeddable":true,"href":"https:\/\/linitiative.ca\/International\/wp-json\/wp\/v2\/categories?post=142927"},{"taxonomy":"post_tag","embeddable":true,"href":"https:\/\/linitiative.ca\/International\/wp-json\/wp\/v2\/tags?post=142927"}],"curies":[{"name":"wp","href":"https:\/\/api.w.org\/{rel}","templated":true}]}}