{"id":142943,"date":"2022-03-12T13:29:39","date_gmt":"2022-03-12T18:29:39","guid":{"rendered":"https:\/\/linitiative.ca\/International\/plaidoyer-pour-une-meilleure-prise-en-charge-de-femmes-victimes-de-violence\/"},"modified":"2022-03-12T13:29:39","modified_gmt":"2022-03-12T18:29:39","slug":"plaidoyer-pour-une-meilleure-prise-en-charge-de-femmes-victimes-de-violence","status":"publish","type":"post","link":"https:\/\/linitiative.ca\/International\/plaidoyer-pour-une-meilleure-prise-en-charge-de-femmes-victimes-de-violence\/","title":{"rendered":"Plaidoyer pour une meilleure prise en charge de femmes victimes de violence"},"content":{"rendered":"<div>\n<div style=\"margin-bottom:20px;\"><img loading=\"lazy\" decoding=\"async\" width=\"750\" height=\"430\" src=\"https:\/\/linitiative.ca\/International\/wp-content\/uploads\/sites\/23\/2022\/03\/CRDH.jpg\" class=\"attachment-post-thumbnail size-post-thumbnail wp-post-image\" alt=\"\" srcset=\"https:\/\/linitiative.ca\/International\/wp-content\/uploads\/sites\/23\/2022\/03\/CRDH.jpg 750w, https:\/\/www.mapmarrakech.ma\/map\/uploads\/2022\/03\/CRDH-300x172.jpg 300w\" sizes=\"auto, (max-width: 750px) 100vw, 750px\"><\/div>\n<p>\u00ab\u00a0Le fl\u00e9au de la violence faite aux femmes a \u00e9t\u00e9 exacerb\u00e9 par l\u2019\u00e9mergence, ces derni\u00e8res ann\u00e9es, de la violence num\u00e9rique apparue suite au foisonnement du digital\u00a0\u00bb, ont ajout\u00e9 les intervenants \u00e0 cette rencontre organis\u00e9e par la Commission R\u00e9gionale des Droits de l\u2019Homme (CRDH)\u00a0Marrakech- Safi en partenariat avec le Barreau de\u00a0Marrakech, autour du th\u00e8me \u00ab\u00a0la lutte contre l\u2019impunit\u00e9, les moyens de r\u00e9alisation de l\u2019\u00e9quit\u00e9, et le cadre juridique relatif \u00e0 la lutte contre la violence \u00e0 l\u2019\u00e9gard des femmes\u00a0\u00bb.<\/p>\n<p>Dans ce cadre, le pr\u00e9sident de la CRDH de\u00a0Marrakech-Safi, Mustapha Laarissa, a indiqu\u00e9 que cette rencontre vise \u00e0 \u00e9valuer les r\u00e9alisations et \u00e0 mettre en exergue les acquis mais aussi, \u00e0 tenter d\u2019identifier les dysfonctionnements dans ce domaine afin de consacrer l\u2019Etat de droit, l\u2019\u00e9galit\u00e9 Homme-Femme et mieux faire face \u00e0 la violence bas\u00e9e sur le genre.<\/p>\n<p>Il s\u2019agit aussi d\u2019interagir avec la Campagne mondiale de lutte contre la violence \u00e0 l\u2019\u00e9gard des femmes, a-t-il ajout\u00e9, relevant que la CRDH, qui accorde une grande importance \u00e0 la lutte contre la violence \u00e0 l\u2019\u00e9gard des femmes, insiste sur le suivi de ce ph\u00e9nom\u00e8ne et de son ampleur, la sensibilisation et la prise en charge judiciaire, sociale et psychologique des victimes.<\/p>\n<p>De son c\u00f4t\u00e9, le b\u00e2tonnier de l\u2019Ordre des Avocats de\u00a0Marrakech, Me Mohamed Hamidi, a soulign\u00e9 que la violence \u00e0 l\u2019\u00e9gard des femmes constitue un v\u00e9ritable fl\u00e9au social, en d\u00e9pit de l\u2019ensemble des efforts consentis par les pouvoirs publics, mettant l\u2019accent sur les mesures de protection fournies aux femmes victimes de violence et les moyens susceptibles de r\u00e9aliser l\u2019\u00e9quit\u00e9 pour lutter contre la violence bas\u00e9e sur le genre et l\u2019impunit\u00e9.<\/p>\n<p>Cette rencontre a \u00e9t\u00e9 marqu\u00e9e par la pr\u00e9sentation et la signature du livre \u00ab\u00a0La Loi de lutte contre la violence \u00e0 l\u2019\u00e9gard des femmes\u00a0\u00bb de son auteure Farida Bennani, qui a mis l\u2019accent, \u00e0 cette occasion, sur les contraintes se dressant devant l\u2019\u00e9limination de la violence faite aux femmes au sein de la soci\u00e9t\u00e9, \u00e9tant donn\u00e9 que ce fl\u00e9au a des dimensions multiples.<\/p>\n<p>Cependant, cette chercheuse universitaire a affirm\u00e9 que la loi et la justice ont un r\u00f4le fondamental \u00e0 jouer pour op\u00e9rer le changement de cette r\u00e9alit\u00e9.<\/p>\n<p>Cette rencontre se proposait de contribuer \u00e0 enrichir le d\u00e9bat sur les moyens \u00e0 mettre en oeuvre pour r\u00e9aliser l\u2019\u00e9quit\u00e9 dans le domaine de la lutte contre la violence bas\u00e9e sur le genre social ainsi que contre l\u2019impunit\u00e9, tout en passant en revue les syst\u00e8mes juridiques et institutionnels relatifs aux questions de lutte contre la violence \u00e0 l\u2019\u00e9gard des femmes et des filles.<\/p>\n<p>Cette journ\u00e9e d\u2019\u00e9tude, qui s\u2019inscrivait dans le cadre de la campagne onusienne de lutte contre la violence \u00e0 l\u2019\u00e9gard des filles et des femmes, visait aussi \u00e0 \u00e9mettre des recommandations qui porteront une valeur ajout\u00e9e de nature \u00e0 enrichir le d\u00e9bat public et \u00e0 contribuer \u00e0 promouvoir la qualit\u00e9 du cadre juridique et pratique relatif \u00e0 la lutte contre la violence bas\u00e9e sur le genre.<\/p>\n<p>The post <a rel=\"nofollow\" href=\"https:\/\/www.mapmarrakech.ma\/fr\/plaidoyer-pour-une-meilleure-prise-en-charge-de-femmes-victimes-de-violence\/\">Plaidoyer pour une meilleure prise en charge de femmes victimes de violence<\/a> appeared first on <a rel=\"nofollow\" href=\"https:\/\/www.mapmarrakech.ma\/fr\">MapMarrakech<\/a>.<\/p>\n<\/div>\n<p>Auteur: Mohammed KOURSI<br \/>\n<a href=\"https:\/\/www.mapmarrakech.ma\/fr\/plaidoyer-pour-une-meilleure-prise-en-charge-de-femmes-victimes-de-violence\/\">Cliquez ici pour lire l&rsquo;article depuis sa source.<\/a><\/p>\n","protected":false},"excerpt":{"rendered":"<p>\u00ab\u00a0Le fl\u00e9au de la violence faite aux femmes a \u00e9t\u00e9 exacerb\u00e9 par l\u2019\u00e9mergence, ces derni\u00e8res ann\u00e9es, de la violence num\u00e9rique apparue suite au foisonnement du digital\u00a0\u00bb, ont ajout\u00e9 les intervenants \u00e0 cette rencontre organis\u00e9e par la Commission R\u00e9gionale des Droits de l\u2019Homme (CRDH)\u00a0Marrakech- Safi en partenariat avec le Barreau de\u00a0Marrakech, autour du th\u00e8me \u00ab\u00a0la lutte [&hellip;]<\/p>\n","protected":false},"author":1788,"featured_media":0,"comment_status":"closed","ping_status":"closed","sticky":false,"template":"","format":"standard","meta":{"fifu_image_url":"https:\/\/www.mapmarrakech.ma\/map\/uploads\/2022\/03\/CRDH.jpg","fifu_image_alt":"Plaidoyer pour une meilleure prise en charge de femmes victimes de violence","footnotes":""},"categories":[54,76],"tags":[],"class_list":["post-142943","post","type-post","status-publish","format-standard","hentry","category-maroc","category-regions"],"_links":{"self":[{"href":"https:\/\/linitiative.ca\/International\/wp-json\/wp\/v2\/posts\/142943","targetHints":{"allow":["GET"]}}],"collection":[{"href":"https:\/\/linitiative.ca\/International\/wp-json\/wp\/v2\/posts"}],"about":[{"href":"https:\/\/linitiative.ca\/International\/wp-json\/wp\/v2\/types\/post"}],"author":[{"embeddable":true,"href":"https:\/\/linitiative.ca\/International\/wp-json\/wp\/v2\/users\/1788"}],"replies":[{"embeddable":true,"href":"https:\/\/linitiative.ca\/International\/wp-json\/wp\/v2\/comments?post=142943"}],"version-history":[{"count":0,"href":"https:\/\/linitiative.ca\/International\/wp-json\/wp\/v2\/posts\/142943\/revisions"}],"wp:attachment":[{"href":"https:\/\/linitiative.ca\/International\/wp-json\/wp\/v2\/media?parent=142943"}],"wp:term":[{"taxonomy":"category","embeddable":true,"href":"https:\/\/linitiative.ca\/International\/wp-json\/wp\/v2\/categories?post=142943"},{"taxonomy":"post_tag","embeddable":true,"href":"https:\/\/linitiative.ca\/International\/wp-json\/wp\/v2\/tags?post=142943"}],"curies":[{"name":"wp","href":"https:\/\/api.w.org\/{rel}","templated":true}]}}