{"id":142945,"date":"2022-03-12T13:45:05","date_gmt":"2022-03-12T18:45:05","guid":{"rendered":"https:\/\/linitiative.ca\/International\/plaidoyer-pour-le-renforcement-de-lefficacite-hydrique\/"},"modified":"2022-03-12T13:45:05","modified_gmt":"2022-03-12T18:45:05","slug":"plaidoyer-pour-le-renforcement-de-lefficacite-hydrique","status":"publish","type":"post","link":"https:\/\/linitiative.ca\/International\/plaidoyer-pour-le-renforcement-de-lefficacite-hydrique\/","title":{"rendered":"Plaidoyer pour le renforcement de l\u2019efficacit\u00e9 hydrique"},"content":{"rendered":"<div>\n<div style=\"margin-bottom:20px;\"><img loading=\"lazy\" decoding=\"async\" width=\"750\" height=\"430\" src=\"https:\/\/linitiative.ca\/International\/wp-content\/uploads\/sites\/23\/2022\/03\/JournC3A9e-C3A9tude-eau.jpg\" class=\"attachment-post-thumbnail size-post-thumbnail wp-post-image\" alt=\"\" srcset=\"https:\/\/linitiative.ca\/International\/wp-content\/uploads\/sites\/23\/2022\/03\/JournC3A9e-C3A9tude-eau.jpg 750w, https:\/\/www.mapmarrakech.ma\/map\/uploads\/2022\/03\/Journ\u00e9e-\u00e9tude-eau-300x172.jpg 300w\" sizes=\"auto, (max-width: 750px) 100vw, 750px\"><\/div>\n<p>L\u2019efficacit\u00e9 hydrique passe notamment par la modernisation et le renforcement du r\u00e9seau d\u2019approvisionnement en eau, la protection de la nappe phr\u00e9atique de la surexploitation, la r\u00e9duction de l\u2019utilisation excessive des ressources en eau dans certains secteurs \u00e9conomiques et la sensibilisation des citoyens aux changements des pratiques quotidiennes de la consommation d\u2019eau, a-t-il relev\u00e9 lors d\u2019une journ\u00e9e d\u2019\u00e9tude, organis\u00e9e par le groupe Istiqlalien de l\u2019Unit\u00e9 et de l\u2019\u00e9galitarisme au Parlement sous le th\u00e8me \u00ab\u00a0La politique hydrique au Maroc\u00a0\u00bb.<\/p>\n<p>Apr\u00e8s avoir analys\u00e9 la corr\u00e9lation \u00e9troite entre s\u00e9curit\u00e9 hydrique et s\u00e9curit\u00e9 alimentaire et s\u00e9curit\u00e9 \u00e9nerg\u00e9tique, le premier responsable du parti de la Balance a mis l\u2019accent sur la n\u00e9cessit\u00e9 de l\u2019adoption d\u2019une approche globale pour la gestion int\u00e9gr\u00e9e de l\u2019eau pour \u00eatre en mesure de faire face aux d\u00e9fis r\u00e9sultant des changements climatiques.<\/p>\n<p>Dans ce contexte, M. Baraka a insist\u00e9 sur la n\u00e9cessit\u00e9 de renforcer la s\u00e9curit\u00e9 hydrique du Royaume dans un contexte marqu\u00e9 par les changements climatiques, mettant en relief les acquis engrang\u00e9s par le Maroc sous la conduite \u00e9clair\u00e9e de SM le Roi Mohammed VI, dans le domaine de la mobilisation de toutes les ressources hydriques au service de la r\u00e9alisation du d\u00e9veloppement.<\/p>\n<p>De son c\u00f4t\u00e9, le pr\u00e9sident du groupe Istiqlalien de l\u2019Unit\u00e9 et de l\u2019\u00e9galitarisme au Parlement, M. Nourdin Moudian, a fait remarquer que cette rencontre se tient \u00e0 un moment o\u00f9 le Maroc passe par une situation relativement \u00ab\u00a0non-confortable\u00a0\u00bb en raison de la s\u00e9cheresse et la raret\u00e9 des ressources en eau, ce qui exige la mise en place d\u2019une strat\u00e9gie pour les moyen et long termes dans le domaine de la gestion des ressources hydriques.<\/p>\n<p>La mise en place d\u2019une telle strat\u00e9gie requiert l\u2019association de tous les acteurs et intervenants concern\u00e9s, a-t-il expliqu\u00e9, se f\u00e9licitant de la mobilisation du gouvernement sur Hautes Instructions Royales pour la gestion de cette conjoncture difficile, marqu\u00e9e par la raret\u00e9 des ressources en eau en raison du retard des pluies.<\/p>\n<p>Cette journ\u00e9e d\u2019\u00e9tude a \u00e9t\u00e9 aussi marqu\u00e9e par un expos\u00e9 pr\u00e9sent\u00e9 par le Secr\u00e9taire g\u00e9n\u00e9ral de l\u2019Agence du Bassin Hydraulique du Tensift (ABHT), M. Mohamed Chatoui, sur les missions des agences des bassins hydrauliques du Maroc.<\/p>\n<p>Cette rencontre, qui a connu la participation des membres du groupe Istiqlalien de l\u2019Unit\u00e9 et de l\u2019\u00e9galitarisme au Parlement, des militants du parti issus de toutes les r\u00e9gions du Maroc ainsi que des experts dans ce domaine, visait \u00e0 ouvrir un d\u00e9bat profond et un dialogue constructif concernant les contraintes et les difficult\u00e9s pos\u00e9es par la raret\u00e9 des ressources en eau et les mesures prises pour surmonter cette conjoncture difficile.<\/p>\n<p>S\u2019inscrivant dans le cadre des activit\u00e9s parall\u00e8les du parti, cette journ\u00e9e d\u2019\u00e9tude avait \u00e9galement pour opjectif de s\u2019ouvrir sur l\u2019environnement socio\u00e9conomique, interagir avec les pr\u00e9occupations des citoyens et partager les solutions susceptibles de surmonter cette situation que traverse le Maroc en raison de la raret\u00e9 des ressources en eau.<\/p>\n<p>The post <a rel=\"nofollow\" href=\"https:\/\/www.mapmarrakech.ma\/fr\/plaidoyer-pour-le-renforcement-de-la-dimension-relative-a-lefficacite-hydrique\/\">Plaidoyer pour le renforcement de l\u2019efficacit\u00e9 hydrique<\/a> appeared first on <a rel=\"nofollow\" href=\"https:\/\/www.mapmarrakech.ma\/fr\">MapMarrakech<\/a>.<\/p>\n<\/div>\n<p>Auteur: Mohammed KOURSI<br \/>\n<a href=\"https:\/\/www.mapmarrakech.ma\/fr\/plaidoyer-pour-le-renforcement-de-la-dimension-relative-a-lefficacite-hydrique\/\">Cliquez ici pour lire l&rsquo;article depuis sa source.<\/a><\/p>\n","protected":false},"excerpt":{"rendered":"<p>L\u2019efficacit\u00e9 hydrique passe notamment par la modernisation et le renforcement du r\u00e9seau d\u2019approvisionnement en eau, la protection de la nappe phr\u00e9atique de la surexploitation, la r\u00e9duction de l\u2019utilisation excessive des ressources en eau dans certains secteurs \u00e9conomiques et la sensibilisation des citoyens aux changements des pratiques quotidiennes de la consommation d\u2019eau, a-t-il relev\u00e9 lors d\u2019une [&hellip;]<\/p>\n","protected":false},"author":1788,"featured_media":0,"comment_status":"closed","ping_status":"closed","sticky":false,"template":"","format":"standard","meta":{"fifu_image_url":"https:\/\/www.mapmarrakech.ma\/map\/uploads\/2022\/03\/Journ\u00e9e-\u00e9tude-eau.jpg","fifu_image_alt":"Plaidoyer pour le renforcement de l\u2019efficacit\u00e9 hydrique","footnotes":""},"categories":[54,76],"tags":[],"class_list":["post-142945","post","type-post","status-publish","format-standard","hentry","category-maroc","category-regions"],"_links":{"self":[{"href":"https:\/\/linitiative.ca\/International\/wp-json\/wp\/v2\/posts\/142945","targetHints":{"allow":["GET"]}}],"collection":[{"href":"https:\/\/linitiative.ca\/International\/wp-json\/wp\/v2\/posts"}],"about":[{"href":"https:\/\/linitiative.ca\/International\/wp-json\/wp\/v2\/types\/post"}],"author":[{"embeddable":true,"href":"https:\/\/linitiative.ca\/International\/wp-json\/wp\/v2\/users\/1788"}],"replies":[{"embeddable":true,"href":"https:\/\/linitiative.ca\/International\/wp-json\/wp\/v2\/comments?post=142945"}],"version-history":[{"count":0,"href":"https:\/\/linitiative.ca\/International\/wp-json\/wp\/v2\/posts\/142945\/revisions"}],"wp:attachment":[{"href":"https:\/\/linitiative.ca\/International\/wp-json\/wp\/v2\/media?parent=142945"}],"wp:term":[{"taxonomy":"category","embeddable":true,"href":"https:\/\/linitiative.ca\/International\/wp-json\/wp\/v2\/categories?post=142945"},{"taxonomy":"post_tag","embeddable":true,"href":"https:\/\/linitiative.ca\/International\/wp-json\/wp\/v2\/tags?post=142945"}],"curies":[{"name":"wp","href":"https:\/\/api.w.org\/{rel}","templated":true}]}}