{"id":142949,"date":"2022-03-12T09:30:10","date_gmt":"2022-03-12T14:30:10","guid":{"rendered":"https:\/\/linitiative.ca\/International\/fortes-rafales-de-vent-et-chutes-de-neige-a-partir-de-lundi\/"},"modified":"2022-03-12T09:30:10","modified_gmt":"2022-03-12T14:30:10","slug":"fortes-rafales-de-vent-et-chutes-de-neige-a-partir-de-lundi","status":"publish","type":"post","link":"https:\/\/linitiative.ca\/International\/fortes-rafales-de-vent-et-chutes-de-neige-a-partir-de-lundi\/","title":{"rendered":"Fortes rafales de vent et chutes de neige \u00e0 partir de lundi"},"content":{"rendered":"<div>\n<div style=\"margin-bottom:20px;\"><img loading=\"lazy\" decoding=\"async\" width=\"750\" height=\"430\" src=\"https:\/\/linitiative.ca\/International\/wp-content\/uploads\/sites\/23\/2022\/03\/Rafales-de-vent-localement-fortes-750C397430-EPA.jpg\" class=\"attachment-post-thumbnail size-post-thumbnail wp-post-image\" alt=\"\" srcset=\"https:\/\/linitiative.ca\/International\/wp-content\/uploads\/sites\/23\/2022\/03\/Rafales-de-vent-localement-fortes-750C397430-EPA.jpg 750w, https:\/\/www.mapoujda.ma\/map\/uploads\/2021\/03\/Rafales-de-vent-localement-fortes-750\u00d7430-EPA-300x172.jpg 300w\" sizes=\"auto, (max-width: 750px) 100vw, 750px\"><\/div>\n<p style=\"text-align: justify;\">De fortes rafales de vent et des chutes de neige sont pr\u00e9vues \u00e0 partir de lundi dans plusieurs provinces du Royaume, a annonc\u00e9 la Direction g\u00e9n\u00e9rale de la m\u00e9t\u00e9orologie (DGM).<\/p>\n<p style=\"text-align: justify;\">Ainsi, des rafales de vent de 80 \u00e0 110 km\/h int\u00e9resseront lundi (00h00 \u00e0 22h00) les provinces de Jerada, Taourirt, Figuig, Midelt, Boulemane et Azilal, a pr\u00e9cis\u00e9 la DGM dans un bulletin d\u2019alerte m\u00e9t\u00e9orologique, faisant \u00e9tat d\u2019un niveau de vigilance orange.<\/p>\n<p style=\"text-align: justify;\">De m\u00eame, des rafales de vent allant de 70 \u00e0 85 km\/h sont attendues lundi, de 06h00 \u00e0 21h00, dans les provinces d\u2019El Jadida, Sidi Bennour, Safi, Essaouira, Chichaoua, Youssoufia, Rhamna, Al Haouz et Errachidia, ajoute-on.<\/p>\n<p style=\"text-align: justify;\">Par ailleurs, des chutes de neige (30-70cm) int\u00e9resseront, de lundi (12h00) \u00e0 jeudi (23h00), les provinces de Azilal, Midelt, Ifrane, Khenifra, Al Haouz, Chichaoua, Taroudant (reliefs) et Tinghir.<\/p>\n<p>L\u2019article <a rel=\"nofollow\" href=\"https:\/\/www.mapoujda.ma\/fr\/fortes-rafales-de-vent-et-chutes-de-neige-a-partir-de-lundi\/\">Fortes rafales de vent et chutes de neige \u00e0 partir de lundi<\/a> est apparu en premier sur <a rel=\"nofollow\" href=\"https:\/\/www.mapoujda.ma\/fr\">MapOujda<\/a>.<\/p>\n<\/div>\n<p>Auteur: Soufiane ELAHMAR<br \/>\n<a href=\"https:\/\/www.mapoujda.ma\/fr\/fortes-rafales-de-vent-et-chutes-de-neige-a-partir-de-lundi\/\">Cliquez ici pour lire l&rsquo;article depuis sa source.<\/a><\/p>\n","protected":false},"excerpt":{"rendered":"<p>De fortes rafales de vent et des chutes de neige sont pr\u00e9vues \u00e0 partir de lundi dans plusieurs provinces du Royaume, a annonc\u00e9 la Direction g\u00e9n\u00e9rale de la m\u00e9t\u00e9orologie (DGM). Ainsi, des rafales de vent de 80 \u00e0 110 km\/h int\u00e9resseront lundi (00h00 \u00e0 22h00) les provinces de Jerada, Taourirt, Figuig, Midelt, Boulemane et Azilal, [&hellip;]<\/p>\n","protected":false},"author":1788,"featured_media":0,"comment_status":"closed","ping_status":"closed","sticky":false,"template":"","format":"standard","meta":{"fifu_image_url":"https:\/\/www.mapoujda.ma\/map\/uploads\/2021\/03\/Rafales-de-vent-localement-fortes-750\u00d7430-EPA.jpg","fifu_image_alt":"Fortes rafales de vent et chutes de neige \u00e0 partir de lundi","footnotes":""},"categories":[54,76],"tags":[],"class_list":["post-142949","post","type-post","status-publish","format-standard","hentry","category-maroc","category-regions"],"_links":{"self":[{"href":"https:\/\/linitiative.ca\/International\/wp-json\/wp\/v2\/posts\/142949","targetHints":{"allow":["GET"]}}],"collection":[{"href":"https:\/\/linitiative.ca\/International\/wp-json\/wp\/v2\/posts"}],"about":[{"href":"https:\/\/linitiative.ca\/International\/wp-json\/wp\/v2\/types\/post"}],"author":[{"embeddable":true,"href":"https:\/\/linitiative.ca\/International\/wp-json\/wp\/v2\/users\/1788"}],"replies":[{"embeddable":true,"href":"https:\/\/linitiative.ca\/International\/wp-json\/wp\/v2\/comments?post=142949"}],"version-history":[{"count":0,"href":"https:\/\/linitiative.ca\/International\/wp-json\/wp\/v2\/posts\/142949\/revisions"}],"wp:attachment":[{"href":"https:\/\/linitiative.ca\/International\/wp-json\/wp\/v2\/media?parent=142949"}],"wp:term":[{"taxonomy":"category","embeddable":true,"href":"https:\/\/linitiative.ca\/International\/wp-json\/wp\/v2\/categories?post=142949"},{"taxonomy":"post_tag","embeddable":true,"href":"https:\/\/linitiative.ca\/International\/wp-json\/wp\/v2\/tags?post=142949"}],"curies":[{"name":"wp","href":"https:\/\/api.w.org\/{rel}","templated":true}]}}