{"id":142953,"date":"2022-03-12T14:25:52","date_gmt":"2022-03-12T19:25:52","guid":{"rendered":"https:\/\/linitiative.ca\/International\/jumelage-entre-le-conseil-de-la-concurrence-et-un-consortium-europeen\/"},"modified":"2022-03-12T14:25:52","modified_gmt":"2022-03-12T19:25:52","slug":"jumelage-entre-le-conseil-de-la-concurrence-et-un-consortium-europeen","status":"publish","type":"post","link":"https:\/\/linitiative.ca\/International\/jumelage-entre-le-conseil-de-la-concurrence-et-un-consortium-europeen\/","title":{"rendered":"Jumelage entre le Conseil de la Concurrence et un consortium europ\u00e9en"},"content":{"rendered":"<div>\n<div class=\"field field-name-body field-type-text-with-summary field-label-hidden\">\n<div class=\"field-items\">\n<div class=\"field-item even\" property=\"content:encoded\">\n<p>Dans le cadre de la mise en \u0153uvre du Programme \u00ab\u00a0R\u00e9ussir le Statut Avanc\u00e9 Phase II\u00a0\u00bb, visant \u00e0 renforcer le partenariat entre le Maroc et l\u2019Union Europ\u00e9enne (UE), un jumelage a \u00e9t\u00e9 conclu entre le Conseil de la Concurrence et un consortium compos\u00e9 de la Commission Hell\u00e9nique de la Concurrence (Gr\u00e8ce), l\u2019Autorit\u00e9 de Protection de la Concurrence et des Consommateurs Polonaise et l\u2019Autorit\u00e9 Italienne de la Concurrence.<\/p>\n<\/div>\n<\/div>\n<\/div>\n<\/div>\n<p>Auteur: mbasraoui<br \/>\n<a href=\"https:\/\/www.leconomiste.com\/flash-infos\/jumelage-entre-le-conseil-de-la-concurrence-et-un-consortium-europeen\">Cliquez ici pour lire l&rsquo;article depuis sa source.<\/a><\/p>\n","protected":false},"excerpt":{"rendered":"<p>Dans le cadre de la mise en \u0153uvre du Programme \u00ab\u00a0R\u00e9ussir le Statut Avanc\u00e9 Phase II\u00a0\u00bb, visant \u00e0 renforcer le partenariat entre le Maroc et l\u2019Union Europ\u00e9enne (UE), un jumelage a \u00e9t\u00e9 conclu entre le Conseil de la Concurrence et un consortium compos\u00e9 de la Commission Hell\u00e9nique de la Concurrence (Gr\u00e8ce), l\u2019Autorit\u00e9 de Protection de [&hellip;]<\/p>\n","protected":false},"author":1763,"featured_media":0,"comment_status":"closed","ping_status":"closed","sticky":false,"template":"","format":"standard","meta":{"fifu_image_url":"","fifu_image_alt":"","footnotes":""},"categories":[78,54],"tags":[],"class_list":["post-142953","post","type-post","status-publish","format-standard","hentry","category-economie","category-maroc"],"_links":{"self":[{"href":"https:\/\/linitiative.ca\/International\/wp-json\/wp\/v2\/posts\/142953","targetHints":{"allow":["GET"]}}],"collection":[{"href":"https:\/\/linitiative.ca\/International\/wp-json\/wp\/v2\/posts"}],"about":[{"href":"https:\/\/linitiative.ca\/International\/wp-json\/wp\/v2\/types\/post"}],"author":[{"embeddable":true,"href":"https:\/\/linitiative.ca\/International\/wp-json\/wp\/v2\/users\/1763"}],"replies":[{"embeddable":true,"href":"https:\/\/linitiative.ca\/International\/wp-json\/wp\/v2\/comments?post=142953"}],"version-history":[{"count":0,"href":"https:\/\/linitiative.ca\/International\/wp-json\/wp\/v2\/posts\/142953\/revisions"}],"wp:attachment":[{"href":"https:\/\/linitiative.ca\/International\/wp-json\/wp\/v2\/media?parent=142953"}],"wp:term":[{"taxonomy":"category","embeddable":true,"href":"https:\/\/linitiative.ca\/International\/wp-json\/wp\/v2\/categories?post=142953"},{"taxonomy":"post_tag","embeddable":true,"href":"https:\/\/linitiative.ca\/International\/wp-json\/wp\/v2\/tags?post=142953"}],"curies":[{"name":"wp","href":"https:\/\/api.w.org\/{rel}","templated":true}]}}