{"id":142954,"date":"2022-03-12T05:32:00","date_gmt":"2022-03-12T10:32:00","guid":{"rendered":"https:\/\/linitiative.ca\/International\/senegal-la-can-jai-encore-du-mal-a-realiser\/"},"modified":"2022-03-12T05:32:00","modified_gmt":"2022-03-12T10:32:00","slug":"senegal-la-can-jai-encore-du-mal-a-realiser","status":"publish","type":"post","link":"https:\/\/linitiative.ca\/International\/senegal-la-can-jai-encore-du-mal-a-realiser\/","title":{"rendered":"S\u00e9n\u00e9gal : \u00ab\u00a0La CAN, j&rsquo;ai encore du mal \u00e0 r\u00e9aliser\u00a0\u00bb"},"content":{"rendered":"<div>Vainqueur de la CAN en f\u00e9vrier dernier, Sadio Man\u00e9 r\u00eave d\u00e9sormais de la Coupe du monde<\/div>\n<p>Auteur:<br \/>\n<a href=\"https:\/\/www.lebuteur.com\/article\/detail?titre=senegal-la-can-jai-encore-du-mal-a-realiser&#038;id=102469\">Cliquez ici pour lire l&rsquo;article depuis sa source.<\/a><\/p>\n","protected":false},"excerpt":{"rendered":"<p>Vainqueur de la CAN en f\u00e9vrier dernier, Sadio Man\u00e9 r\u00eave d\u00e9sormais de la Coupe du monde Auteur: Cliquez ici pour lire l&rsquo;article depuis sa source.<\/p>\n","protected":false},"author":1738,"featured_media":0,"comment_status":"closed","ping_status":"closed","sticky":false,"template":"","format":"standard","meta":{"fifu_image_url":"","fifu_image_alt":"","footnotes":""},"categories":[53,75],"tags":[],"class_list":["post-142954","post","type-post","status-publish","format-standard","hentry","category-algerie","category-sport"],"_links":{"self":[{"href":"https:\/\/linitiative.ca\/International\/wp-json\/wp\/v2\/posts\/142954","targetHints":{"allow":["GET"]}}],"collection":[{"href":"https:\/\/linitiative.ca\/International\/wp-json\/wp\/v2\/posts"}],"about":[{"href":"https:\/\/linitiative.ca\/International\/wp-json\/wp\/v2\/types\/post"}],"author":[{"embeddable":true,"href":"https:\/\/linitiative.ca\/International\/wp-json\/wp\/v2\/users\/1738"}],"replies":[{"embeddable":true,"href":"https:\/\/linitiative.ca\/International\/wp-json\/wp\/v2\/comments?post=142954"}],"version-history":[{"count":0,"href":"https:\/\/linitiative.ca\/International\/wp-json\/wp\/v2\/posts\/142954\/revisions"}],"wp:attachment":[{"href":"https:\/\/linitiative.ca\/International\/wp-json\/wp\/v2\/media?parent=142954"}],"wp:term":[{"taxonomy":"category","embeddable":true,"href":"https:\/\/linitiative.ca\/International\/wp-json\/wp\/v2\/categories?post=142954"},{"taxonomy":"post_tag","embeddable":true,"href":"https:\/\/linitiative.ca\/International\/wp-json\/wp\/v2\/tags?post=142954"}],"curies":[{"name":"wp","href":"https:\/\/api.w.org\/{rel}","templated":true}]}}