{"id":142959,"date":"2022-03-12T03:00:00","date_gmt":"2022-03-12T08:00:00","guid":{"rendered":"https:\/\/linitiative.ca\/International\/tunisie-le-fantasme-dune-invasion-subsaharienne\/"},"modified":"2022-03-12T03:00:00","modified_gmt":"2022-03-12T08:00:00","slug":"tunisie-le-fantasme-dune-invasion-subsaharienne","status":"publish","type":"post","link":"https:\/\/linitiative.ca\/International\/tunisie-le-fantasme-dune-invasion-subsaharienne\/","title":{"rendered":"Tunisie: Le fantasme d\u2019une invasion subsaharienne"},"content":{"rendered":"<div><img decoding=\"async\" src=\"https:\/\/linitiative.ca\/International\/wp-content\/uploads\/sites\/23\/2022\/03\/1647018908_article.jpg\" alt=\"Le fantasme d\u2019une invasion subsaharienne\" align=\"left\">Par Habib Touhami &#8211; Il suffit de jeter un regard rapide \u00e0 une carte g\u00e9ographique pour \u00abd\u00e9couvrir\u00bb que la Tunisie se situe bien en Afrique et qu\u2019elle constitue un couloir naturel d\u2019acc\u00e8s \u00e0 la M\u00e9diterran\u00e9e et ses rives. Il suffit de se rem\u00e9morer les constituants des stocks migratoires (le nombre total d\u2019immigr\u00e9s qui vivent dans un pays ou une r\u00e9gion d\u00e9termin\u00e9e) et les pendants des flux migratoires (entr\u00e9es et sorties de migrants sur une p\u00e9riode donn\u00e9e) pour se douter que les \u00e9v\u00e8nements survenus en Tunisie et en Libye \u00e0 partir de 2011 allaient impacter les mouvements de population en cours ou en gestation. Il suffit de relever la proximit\u00e9 relative de l\u2019\u00eele &#8230;<\/p>\n<\/div>\n<p>Auteur:<br \/>\n<a href=\"https:\/\/www.leaders.com.tn\/article\/33088-le-fantasme-d-une-invasion-subsaharienne\">Cliquez ici pour lire l&rsquo;article depuis sa source.<\/a><\/p>\n","protected":false},"excerpt":{"rendered":"<p>Par Habib Touhami &#8211; Il suffit de jeter un regard rapide \u00e0 une carte g\u00e9ographique pour \u00abd\u00e9couvrir\u00bb que la Tunisie se situe bien en Afrique et qu\u2019elle constitue un couloir naturel d\u2019acc\u00e8s \u00e0 la M\u00e9diterran\u00e9e et ses rives. Il suffit de se rem\u00e9morer les constituants des stocks migratoires (le nombre total d\u2019immigr\u00e9s qui vivent dans [&hellip;]<\/p>\n","protected":false},"author":1772,"featured_media":0,"comment_status":"closed","ping_status":"closed","sticky":false,"template":"","format":"standard","meta":{"fifu_image_url":"http:\/\/www.leaders.com.tn\/uploads\/content\/thumbnails_small\/1647018908_article.jpg","fifu_image_alt":"Tunisie: Le fantasme d\u2019une invasion subsaharienne","footnotes":""},"categories":[73,55],"tags":[],"class_list":["post-142959","post","type-post","status-publish","format-standard","hentry","category-actualite","category-tunisie"],"_links":{"self":[{"href":"https:\/\/linitiative.ca\/International\/wp-json\/wp\/v2\/posts\/142959","targetHints":{"allow":["GET"]}}],"collection":[{"href":"https:\/\/linitiative.ca\/International\/wp-json\/wp\/v2\/posts"}],"about":[{"href":"https:\/\/linitiative.ca\/International\/wp-json\/wp\/v2\/types\/post"}],"author":[{"embeddable":true,"href":"https:\/\/linitiative.ca\/International\/wp-json\/wp\/v2\/users\/1772"}],"replies":[{"embeddable":true,"href":"https:\/\/linitiative.ca\/International\/wp-json\/wp\/v2\/comments?post=142959"}],"version-history":[{"count":0,"href":"https:\/\/linitiative.ca\/International\/wp-json\/wp\/v2\/posts\/142959\/revisions"}],"wp:attachment":[{"href":"https:\/\/linitiative.ca\/International\/wp-json\/wp\/v2\/media?parent=142959"}],"wp:term":[{"taxonomy":"category","embeddable":true,"href":"https:\/\/linitiative.ca\/International\/wp-json\/wp\/v2\/categories?post=142959"},{"taxonomy":"post_tag","embeddable":true,"href":"https:\/\/linitiative.ca\/International\/wp-json\/wp\/v2\/tags?post=142959"}],"curies":[{"name":"wp","href":"https:\/\/api.w.org\/{rel}","templated":true}]}}