{"id":142963,"date":"2022-03-12T05:08:05","date_gmt":"2022-03-12T10:08:05","guid":{"rendered":"https:\/\/linitiative.ca\/International\/rencontre-des-specialistes-en-agriculture-pour-optimiser-lusage-et-la-gestion-de-leau\/"},"modified":"2022-03-12T05:08:05","modified_gmt":"2022-03-12T10:08:05","slug":"rencontre-des-specialistes-en-agriculture-pour-optimiser-lusage-et-la-gestion-de-leau","status":"publish","type":"post","link":"https:\/\/linitiative.ca\/International\/rencontre-des-specialistes-en-agriculture-pour-optimiser-lusage-et-la-gestion-de-leau\/","title":{"rendered":"Rencontre des sp\u00e9cialistes en agriculture pour optimiser l\u2019usage et la gestion de l\u2019eau"},"content":{"rendered":"<div><img decoding=\"async\" width=\"660\" height=\"330\" src=\"https:\/\/linitiative.ca\/International\/wp-content\/uploads\/sites\/23\/2022\/03\/eau-irrigation-mediterranee-1-660x330-1.jpg\" class=\"attachment-post-thumbnail size-post-thumbnail wp-post-image\" alt=\"\" loading=\"lazy\" srcset=\"https:\/\/linitiative.ca\/International\/wp-content\/uploads\/sites\/23\/2022\/03\/eau-irrigation-mediterranee-1-660x330-1.jpg 660w, https:\/\/www.challenge.ma\/wp-content\/uploads\/2022\/03\/eau-irrigation-mediterranee-1-660x330-1-300x150.jpg 300w, https:\/\/www.challenge.ma\/wp-content\/uploads\/2022\/03\/eau-irrigation-mediterranee-1-660x330-1-360x180.jpg 360w\" sizes=\"auto, (max-width: 660px) 100vw, 660px\" itemprop=\"image\">L\u2019\u00e9v\u00e8nement se tiendra sous la forme d\u2019un Symposium, du 16 au 17 Mars 2022, \u00e0 Ait Melloul, pr\u00e8s d\u2019Agadir. Il est organis\u00e9 par la Chambre de Commerce et d\u2019Industrie Maroc-Isra\u00ebl (CCIMI), en partenariat avec la R\u00e9gion Souss-Massa, et traitera en priorit\u00e9 de la probl\u00e9matique li\u00e9e \u00e0 l\u2019eau, enjeu vital pour<\/div>\n<p>Auteur: Alia Diop<br \/>\n<a href=\"https:\/\/www.challenge.ma\/rencontre-des-specialistes-en-agriculture-pour-optimiser-lusage-et-la-gestion-de-leau-234263\/\">Cliquez ici pour lire l&rsquo;article depuis sa source.<\/a><\/p>\n","protected":false},"excerpt":{"rendered":"<p>L\u2019\u00e9v\u00e8nement se tiendra sous la forme d\u2019un Symposium, du 16 au 17 Mars 2022, \u00e0 Ait Melloul, pr\u00e8s d\u2019Agadir. Il est organis\u00e9 par la Chambre de Commerce et d\u2019Industrie Maroc-Isra\u00ebl (CCIMI), en partenariat avec la R\u00e9gion Souss-Massa, et traitera en priorit\u00e9 de la probl\u00e9matique li\u00e9e \u00e0 l\u2019eau, enjeu vital pour Auteur: Alia Diop Cliquez ici [&hellip;]<\/p>\n","protected":false},"author":1787,"featured_media":0,"comment_status":"closed","ping_status":"closed","sticky":false,"template":"","format":"standard","meta":{"fifu_image_url":"https:\/\/www.challenge.ma\/wp-content\/uploads\/2022\/03\/eau-irrigation-mediterranee-1-660x330-1.jpg","fifu_image_alt":"Rencontre des sp\u00e9cialistes en agriculture pour optimiser l\u2019usage et la gestion de l\u2019eau","footnotes":""},"categories":[78,54],"tags":[],"class_list":["post-142963","post","type-post","status-publish","format-standard","hentry","category-economie","category-maroc"],"_links":{"self":[{"href":"https:\/\/linitiative.ca\/International\/wp-json\/wp\/v2\/posts\/142963","targetHints":{"allow":["GET"]}}],"collection":[{"href":"https:\/\/linitiative.ca\/International\/wp-json\/wp\/v2\/posts"}],"about":[{"href":"https:\/\/linitiative.ca\/International\/wp-json\/wp\/v2\/types\/post"}],"author":[{"embeddable":true,"href":"https:\/\/linitiative.ca\/International\/wp-json\/wp\/v2\/users\/1787"}],"replies":[{"embeddable":true,"href":"https:\/\/linitiative.ca\/International\/wp-json\/wp\/v2\/comments?post=142963"}],"version-history":[{"count":0,"href":"https:\/\/linitiative.ca\/International\/wp-json\/wp\/v2\/posts\/142963\/revisions"}],"wp:attachment":[{"href":"https:\/\/linitiative.ca\/International\/wp-json\/wp\/v2\/media?parent=142963"}],"wp:term":[{"taxonomy":"category","embeddable":true,"href":"https:\/\/linitiative.ca\/International\/wp-json\/wp\/v2\/categories?post=142963"},{"taxonomy":"post_tag","embeddable":true,"href":"https:\/\/linitiative.ca\/International\/wp-json\/wp\/v2\/tags?post=142963"}],"curies":[{"name":"wp","href":"https:\/\/api.w.org\/{rel}","templated":true}]}}