{"id":142965,"date":"2022-03-12T06:09:02","date_gmt":"2022-03-12T11:09:02","guid":{"rendered":"https:\/\/linitiative.ca\/International\/abdelmalek-alaoui-le-maroc-et-leurope-ont-un-interet-strategique-et-economique-commun\/"},"modified":"2022-03-12T06:09:02","modified_gmt":"2022-03-12T11:09:02","slug":"abdelmalek-alaoui-le-maroc-et-leurope-ont-un-interet-strategique-et-economique-commun","status":"publish","type":"post","link":"https:\/\/linitiative.ca\/International\/abdelmalek-alaoui-le-maroc-et-leurope-ont-un-interet-strategique-et-economique-commun\/","title":{"rendered":"Abdelmalek Alaoui : \u00ab\u00a0Le Maroc et l\u2019Europe ont un int\u00e9r\u00eat strat\u00e9gique et \u00e9conomique commun\u00a0\u00bb"},"content":{"rendered":"<div><img decoding=\"async\" width=\"1260\" height=\"756\" src=\"https:\/\/linitiative.ca\/International\/wp-content\/uploads\/sites\/23\/2022\/03\/PHOTO-1-e1626722093364.jpeg\" class=\"attachment-post-thumbnail size-post-thumbnail wp-post-image\" alt=\"\" loading=\"lazy\" srcset=\"https:\/\/linitiative.ca\/International\/wp-content\/uploads\/sites\/23\/2022\/03\/PHOTO-1-e1626722093364.jpeg 1260w, https:\/\/www.challenge.ma\/wp-content\/uploads\/2021\/07\/PHOTO-1-e1626722093364-300x180.jpeg 300w, https:\/\/www.challenge.ma\/wp-content\/uploads\/2021\/07\/PHOTO-1-e1626722093364-1024x614.jpeg 1024w, https:\/\/www.challenge.ma\/wp-content\/uploads\/2021\/07\/PHOTO-1-e1626722093364-768x461.jpeg 768w, https:\/\/www.challenge.ma\/wp-content\/uploads\/2021\/07\/PHOTO-1-e1626722093364-360x216.jpeg 360w, https:\/\/www.challenge.ma\/wp-content\/uploads\/2021\/07\/PHOTO-1-e1626722093364-750x450.jpeg 750w\" sizes=\"auto, (max-width: 1260px) 100vw, 1260px\" itemprop=\"image\">Dans une interview accord\u00e9e au Trends-Tendances, magazine \u00e9conomique et financier publi\u00e9 en Belgique francophone, Abdelmalek Alaoui, CEO-Fondateur de Gu\u00e9pard Group, soci\u00e9t\u00e9 de conseil en strat\u00e9gie, a abord\u00e9 la question du mod\u00e8le de d\u00e9veloppement en repensant notamment l\u2019importance que devraient rev\u00eatir les relations entre l\u2019Europe et le Maroc. Abdelmalek Alaoui est<\/div>\n<p>Auteur: Mehdi Ouazzani<br \/>\n<a href=\"https:\/\/www.challenge.ma\/abdelmalek-alaoui-guerpard-group-le-maroc-et-leurope-ont-un-interet-strategique-et-economique-commun-234272\/\">Cliquez ici pour lire l&rsquo;article depuis sa source.<\/a><\/p>\n","protected":false},"excerpt":{"rendered":"<p>Dans une interview accord\u00e9e au Trends-Tendances, magazine \u00e9conomique et financier publi\u00e9 en Belgique francophone, Abdelmalek Alaoui, CEO-Fondateur de Gu\u00e9pard Group, soci\u00e9t\u00e9 de conseil en strat\u00e9gie, a abord\u00e9 la question du mod\u00e8le de d\u00e9veloppement en repensant notamment l\u2019importance que devraient rev\u00eatir les relations entre l\u2019Europe et le Maroc. Abdelmalek Alaoui est Auteur: Mehdi Ouazzani Cliquez ici [&hellip;]<\/p>\n","protected":false},"author":1787,"featured_media":0,"comment_status":"closed","ping_status":"closed","sticky":false,"template":"","format":"standard","meta":{"fifu_image_url":"https:\/\/www.challenge.ma\/wp-content\/uploads\/2021\/07\/PHOTO-1-e1626722093364.jpeg","fifu_image_alt":"Abdelmalek Alaoui : \u00ab\u00a0Le Maroc et l\u2019Europe ont un int\u00e9r\u00eat strat\u00e9gique et \u00e9conomique commun\u00a0\u00bb","footnotes":""},"categories":[78,54],"tags":[],"class_list":["post-142965","post","type-post","status-publish","format-standard","hentry","category-economie","category-maroc"],"_links":{"self":[{"href":"https:\/\/linitiative.ca\/International\/wp-json\/wp\/v2\/posts\/142965","targetHints":{"allow":["GET"]}}],"collection":[{"href":"https:\/\/linitiative.ca\/International\/wp-json\/wp\/v2\/posts"}],"about":[{"href":"https:\/\/linitiative.ca\/International\/wp-json\/wp\/v2\/types\/post"}],"author":[{"embeddable":true,"href":"https:\/\/linitiative.ca\/International\/wp-json\/wp\/v2\/users\/1787"}],"replies":[{"embeddable":true,"href":"https:\/\/linitiative.ca\/International\/wp-json\/wp\/v2\/comments?post=142965"}],"version-history":[{"count":0,"href":"https:\/\/linitiative.ca\/International\/wp-json\/wp\/v2\/posts\/142965\/revisions"}],"wp:attachment":[{"href":"https:\/\/linitiative.ca\/International\/wp-json\/wp\/v2\/media?parent=142965"}],"wp:term":[{"taxonomy":"category","embeddable":true,"href":"https:\/\/linitiative.ca\/International\/wp-json\/wp\/v2\/categories?post=142965"},{"taxonomy":"post_tag","embeddable":true,"href":"https:\/\/linitiative.ca\/International\/wp-json\/wp\/v2\/tags?post=142965"}],"curies":[{"name":"wp","href":"https:\/\/api.w.org\/{rel}","templated":true}]}}