{"id":142967,"date":"2022-03-12T06:26:49","date_gmt":"2022-03-12T11:26:49","guid":{"rendered":"https:\/\/linitiative.ca\/International\/une-meilleure-prevention-et-sensibilisation-garantirait-la-sante-renale-pour-tous\/"},"modified":"2022-03-12T06:26:49","modified_gmt":"2022-03-12T11:26:49","slug":"une-meilleure-prevention-et-sensibilisation-garantirait-la-sante-renale-pour-tous","status":"publish","type":"post","link":"https:\/\/linitiative.ca\/International\/une-meilleure-prevention-et-sensibilisation-garantirait-la-sante-renale-pour-tous\/","title":{"rendered":"Une meilleure pr\u00e9vention et sensibilisation garantirait la sant\u00e9 r\u00e9nale pour tous"},"content":{"rendered":"<div><img decoding=\"async\" width=\"498\" height=\"247\" src=\"https:\/\/linitiative.ca\/International\/wp-content\/uploads\/sites\/23\/2022\/03\/que-savez-vous-de-l-insuffisance-renale-diabetique_wide-jpg_player_test.jpg\" class=\"attachment-post-thumbnail size-post-thumbnail wp-post-image\" alt=\"\" loading=\"lazy\" srcset=\"https:\/\/linitiative.ca\/International\/wp-content\/uploads\/sites\/23\/2022\/03\/que-savez-vous-de-l-insuffisance-renale-diabetique_wide-jpg_player_test.jpg 498w, https:\/\/www.challenge.ma\/wp-content\/uploads\/2022\/03\/que-savez-vous-de-l-insuffisance-renale-diabetique_wide-jpg_player_test-300x149.jpg 300w, https:\/\/www.challenge.ma\/wp-content\/uploads\/2022\/03\/que-savez-vous-de-l-insuffisance-renale-diabetique_wide-jpg_player_test-360x179.jpg 360w\" sizes=\"auto, (max-width: 498px) 100vw, 498px\" itemprop=\"image\">Comme chaque ann\u00e9e, ce 10 mars a \u00e9t\u00e9 consacr\u00e9 \u00e0 la Journ\u00e9e mondiale du rein. Cette campagne a \u00e9t\u00e9 l\u2019occasion pour le Professeur Amal Bourquia, Pr\u00e9sidente de l\u2019association REINS, de revenir sur la n\u00e9cessit\u00e9 de mieux sensibiliser le grand public et d\u2019\u00e9tendre la mobilisation \u00e0 tous les niveaux des soins<\/div>\n<p>Auteur: Alia Diop<br \/>\n<a href=\"https:\/\/www.challenge.ma\/une-meilleure-prevention-et-sensibilisation-garantirait-la-sante-renale-pour-tous-234275\/\">Cliquez ici pour lire l&rsquo;article depuis sa source.<\/a><\/p>\n","protected":false},"excerpt":{"rendered":"<p>Comme chaque ann\u00e9e, ce 10 mars a \u00e9t\u00e9 consacr\u00e9 \u00e0 la Journ\u00e9e mondiale du rein. Cette campagne a \u00e9t\u00e9 l\u2019occasion pour le Professeur Amal Bourquia, Pr\u00e9sidente de l\u2019association REINS, de revenir sur la n\u00e9cessit\u00e9 de mieux sensibiliser le grand public et d\u2019\u00e9tendre la mobilisation \u00e0 tous les niveaux des soins Auteur: Alia Diop Cliquez ici [&hellip;]<\/p>\n","protected":false},"author":1787,"featured_media":0,"comment_status":"closed","ping_status":"closed","sticky":false,"template":"","format":"standard","meta":{"fifu_image_url":"https:\/\/www.challenge.ma\/wp-content\/uploads\/2022\/03\/que-savez-vous-de-l-insuffisance-renale-diabetique_wide-jpg_player_test.jpg","fifu_image_alt":"Une meilleure pr\u00e9vention et sensibilisation garantirait la sant\u00e9 r\u00e9nale pour tous","footnotes":""},"categories":[78,54],"tags":[],"class_list":["post-142967","post","type-post","status-publish","format-standard","hentry","category-economie","category-maroc"],"_links":{"self":[{"href":"https:\/\/linitiative.ca\/International\/wp-json\/wp\/v2\/posts\/142967","targetHints":{"allow":["GET"]}}],"collection":[{"href":"https:\/\/linitiative.ca\/International\/wp-json\/wp\/v2\/posts"}],"about":[{"href":"https:\/\/linitiative.ca\/International\/wp-json\/wp\/v2\/types\/post"}],"author":[{"embeddable":true,"href":"https:\/\/linitiative.ca\/International\/wp-json\/wp\/v2\/users\/1787"}],"replies":[{"embeddable":true,"href":"https:\/\/linitiative.ca\/International\/wp-json\/wp\/v2\/comments?post=142967"}],"version-history":[{"count":0,"href":"https:\/\/linitiative.ca\/International\/wp-json\/wp\/v2\/posts\/142967\/revisions"}],"wp:attachment":[{"href":"https:\/\/linitiative.ca\/International\/wp-json\/wp\/v2\/media?parent=142967"}],"wp:term":[{"taxonomy":"category","embeddable":true,"href":"https:\/\/linitiative.ca\/International\/wp-json\/wp\/v2\/categories?post=142967"},{"taxonomy":"post_tag","embeddable":true,"href":"https:\/\/linitiative.ca\/International\/wp-json\/wp\/v2\/tags?post=142967"}],"curies":[{"name":"wp","href":"https:\/\/api.w.org\/{rel}","templated":true}]}}