{"id":142969,"date":"2022-03-12T13:35:41","date_gmt":"2022-03-12T18:35:41","guid":{"rendered":"https:\/\/linitiative.ca\/International\/le-maroc-accueille-la-15e-conference-de-lenergie-de-la-region-mena\/"},"modified":"2022-03-12T13:35:41","modified_gmt":"2022-03-12T18:35:41","slug":"le-maroc-accueille-la-15e-conference-de-lenergie-de-la-region-mena","status":"publish","type":"post","link":"https:\/\/linitiative.ca\/International\/le-maroc-accueille-la-15e-conference-de-lenergie-de-la-region-mena\/","title":{"rendered":"Le Maroc accueille la 15\u00e8 conf\u00e9rence de l\u2019\u00e9nergie de la r\u00e9gion MENA"},"content":{"rendered":"<div><img decoding=\"async\" width=\"678\" height=\"381\" src=\"https:\/\/linitiative.ca\/International\/wp-content\/uploads\/sites\/23\/2022\/03\/Ener1.jpeg\" class=\"attachment-post-thumbnail size-post-thumbnail wp-post-image\" alt=\"\" loading=\"lazy\" srcset=\"https:\/\/linitiative.ca\/International\/wp-content\/uploads\/sites\/23\/2022\/03\/Ener1.jpeg 678w, https:\/\/www.challenge.ma\/wp-content\/uploads\/2022\/03\/Ener1-300x169.jpeg 300w, https:\/\/www.challenge.ma\/wp-content\/uploads\/2022\/03\/Ener1-360x202.jpeg 360w\" sizes=\"auto, (max-width: 678px) 100vw, 678px\" itemprop=\"image\">Le Maroc va accueillir le 14 mars prochain une conf\u00e9rence de la r\u00e9gion MENA sur l\u2019\u00e9nergie, avec les \u00c9mirats arabes unis comme invit\u00e9 d\u2019honneur. Le royaume s\u2019appr\u00eate \u00e0 accueillir une rencontre internationale sur l\u2019\u00e9nergie qui r\u00e9unira les pays de la r\u00e9gion MENA sur l\u2019\u00e9nergie. D\u2019apr\u00e8s le site \u00e9mirati The National,<\/div>\n<p>Auteur: challenge<br \/>\n<a href=\"https:\/\/www.challenge.ma\/le-maroc-accueille-la-15e-conference-de-lenergie-de-la-region-mena-234306\/\">Cliquez ici pour lire l&rsquo;article depuis sa source.<\/a><\/p>\n","protected":false},"excerpt":{"rendered":"<p>Le Maroc va accueillir le 14 mars prochain une conf\u00e9rence de la r\u00e9gion MENA sur l\u2019\u00e9nergie, avec les \u00c9mirats arabes unis comme invit\u00e9 d\u2019honneur. Le royaume s\u2019appr\u00eate \u00e0 accueillir une rencontre internationale sur l\u2019\u00e9nergie qui r\u00e9unira les pays de la r\u00e9gion MENA sur l\u2019\u00e9nergie. D\u2019apr\u00e8s le site \u00e9mirati The National, Auteur: challenge Cliquez ici pour [&hellip;]<\/p>\n","protected":false},"author":1787,"featured_media":0,"comment_status":"closed","ping_status":"closed","sticky":false,"template":"","format":"standard","meta":{"fifu_image_url":"https:\/\/www.challenge.ma\/wp-content\/uploads\/2022\/03\/Ener1.jpeg","fifu_image_alt":"Le Maroc accueille la 15\u00e8 conf\u00e9rence de l\u2019\u00e9nergie de la r\u00e9gion MENA","footnotes":""},"categories":[78,54],"tags":[],"class_list":["post-142969","post","type-post","status-publish","format-standard","hentry","category-economie","category-maroc"],"_links":{"self":[{"href":"https:\/\/linitiative.ca\/International\/wp-json\/wp\/v2\/posts\/142969","targetHints":{"allow":["GET"]}}],"collection":[{"href":"https:\/\/linitiative.ca\/International\/wp-json\/wp\/v2\/posts"}],"about":[{"href":"https:\/\/linitiative.ca\/International\/wp-json\/wp\/v2\/types\/post"}],"author":[{"embeddable":true,"href":"https:\/\/linitiative.ca\/International\/wp-json\/wp\/v2\/users\/1787"}],"replies":[{"embeddable":true,"href":"https:\/\/linitiative.ca\/International\/wp-json\/wp\/v2\/comments?post=142969"}],"version-history":[{"count":0,"href":"https:\/\/linitiative.ca\/International\/wp-json\/wp\/v2\/posts\/142969\/revisions"}],"wp:attachment":[{"href":"https:\/\/linitiative.ca\/International\/wp-json\/wp\/v2\/media?parent=142969"}],"wp:term":[{"taxonomy":"category","embeddable":true,"href":"https:\/\/linitiative.ca\/International\/wp-json\/wp\/v2\/categories?post=142969"},{"taxonomy":"post_tag","embeddable":true,"href":"https:\/\/linitiative.ca\/International\/wp-json\/wp\/v2\/tags?post=142969"}],"curies":[{"name":"wp","href":"https:\/\/api.w.org\/{rel}","templated":true}]}}