{"id":142975,"date":"2022-03-12T05:23:33","date_gmt":"2022-03-12T10:23:33","guid":{"rendered":"https:\/\/linitiative.ca\/International\/baisse-du-taux-de-change-entre-le-f-cfa-et-leuro-il-ny-a-ni-devaluation-ni-une-reevaluation-annoncee-ou-prevue-dixit-pr-sawadogo-hamidou-enseignant\/"},"modified":"2022-03-12T05:23:33","modified_gmt":"2022-03-12T10:23:33","slug":"baisse-du-taux-de-change-entre-le-f-cfa-et-leuro-il-ny-a-ni-devaluation-ni-une-reevaluation-annoncee-ou-prevue-dixit-pr-sawadogo-hamidou-enseignant","status":"publish","type":"post","link":"https:\/\/linitiative.ca\/International\/baisse-du-taux-de-change-entre-le-f-cfa-et-leuro-il-ny-a-ni-devaluation-ni-une-reevaluation-annoncee-ou-prevue-dixit-pr-sawadogo-hamidou-enseignant\/","title":{"rendered":"Baisse du taux de change entre le F CFA et l\u2019Euro\u00a0: \u00ab\u00a0Il n\u2019y a ni d\u00e9valuation, ni une r\u00e9\u00e9valuation annonc\u00e9e ou pr\u00e9vue\u00a0\u00bb, dixit Pr Sawadogo Hamidou, enseignant-chercheur"},"content":{"rendered":"<div>\n<p><strong>Depuis hier une fausse information circule sur la toile fait \u00e9tat d\u2019une \u00e9ventuelle baisse de la valeur du franc CFA par rapport l\u2019Euro connait. Selon l\u2019enseignant-chercheur en \u00e9conomie mon\u00e9taire et financi\u00e8re \u00e0 l\u2019Institut burkinab\u00e8 des arts et des m\u00e9tiers (IBAM) de l\u2019Universit\u00e9 Joseph Ki-Zerbo, Pr Hamidou Sawadogo, il n\u2019en rien, pour ce qui est du taux officiel de change entre l\u2019Euro et le F CFA. <\/strong><\/p>\n<p><strong>Sidwaya (S)\u00a0: Il semble que le F CFA a connu une variation par rapport \u00e0 l\u2019Euro. En tant sp\u00e9cialiste des <\/strong><strong>questions mon\u00e9taires, qu\u2019en est-il r\u00e9ellement ?<\/strong><\/p>\n<p><strong>Pr Hamidou Sawadogo (H. S)\u00a0:<\/strong> Le F CFA est en rattachement avec l\u2019Euro et dont la parit\u00e9 est ajustable et \u00e0 chaque fois que de besoin sur la demande des pays qui l\u2019ont adopt\u00e9 comme monnaie mais aussi sur la demande de la France.<\/p>\n<p>Je pr\u00e9cise qu\u2019actuellement, \u00e0 la date du 10 mars 2022\u00a0; il n\u2019y a ni d\u00e9valuation, ni une r\u00e9\u00e9valuation annonc\u00e9e ou pr\u00e9vue. Le cours de change officiel est toujours et demeure depuis 1999, date d\u2019av\u00e8nement de l\u2019Euro, un euro \u00e9gale \u00e0 655, 957 F CFA (EUR=655.957 XOF pour les pays de l\u2019UEMOA ou EUR=655.957 XAF pour les pays de l\u2019Afrique Centrale). Il n\u2019y a pas de variation du taux de change officiel.<\/p>\n<p><strong>S : Qu\u2019est-ce qui pourrait expliquer ou justifier une telle rumeur ?<\/strong><\/p>\n<p><strong>H.S :<\/strong> Je r\u00e9p\u00e8te qu\u2019il n\u2019y a pas de variation du taux de change officiel. Maintenant, il faut savoir que le taux de change officiel est celui qui est utilis\u00e9 entre la BCE et la BCEAO d\u2019une part et d\u2019autre part entre la Banque Centrale (BCEAO) et les banques de second rang ou banques commerciales.<\/p>\n<p>Mais il y a entre les banques commerciales et les clients (entreprises et particuliers) des taux de change qui peuvent s\u2019\u00e9carter du cours officiel. On a le cours bid ou cours acheteur qui est inferieur ou \u00e9gal au taux de change officiel 655.957 et le cours ask ou cours vendeur de la banque qui est toujours plus \u00e9lev\u00e9 que le cours officiel. Leur diff\u00e9rence est la marge b\u00e9n\u00e9ficiaire de la Banque ou le bureau de change.<\/p>\n<p>En plus de ce march\u00e9 commercial de devise, il y a d\u2019autres march\u00e9s parall\u00e8les, march\u00e9s non r\u00e8glement\u00e9s, non adoss\u00e9s \u00e0 une autorit\u00e9 mon\u00e9taire et fonctionnante comme un march\u00e9 noir et dont les \u00e9carts de taux ou spread de taux peuvent \u00eatre \u00e9normes. Shadow est l\u2019\u00e9conomiste, le premier qui a expliqu\u00e9 le fonctionnement de ces march\u00e9s non officiels et les \u00e9conomistes ont d\u00e9sign\u00e9 le taux de change Shadow, un taux de change qui est en d\u00e9viation du taux de change officiel et pratiqu\u00e9 par une portion des acteurs de l\u2019\u00e9conomie.<\/p>\n<p>Si vous parlez de variation de change \u00e7a ne peut \u00eatre que le taux de change Shadow. Et m\u00eame s\u2019il y a une forte variation de la valeur d\u2019une devise au sens de Shadow, la proportion infirme des acteurs de ce march\u00e9 et surtout la capacit\u00e9 de r\u00e9silience du march\u00e9 officiel et commercial font qu\u2019il n\u2019y a vraiment pas de peur bleue \u00e0 se faire.<\/p>\n<p><strong>S : Quelles cons\u00e9quences ou le\u00e7ons tirer de cette fausse information qui affole les gens depuis son annonce ?<\/strong><\/p>\n<p><strong>H.S :<\/strong> Les \u00e9conomies africaines garderont leurs performances \u00e9conomiques habituelles tout simplement.<\/p>\n<p>Actuellement, le seul conseil que je peux donner c\u2019est que nous devons travailler pour rendre nos \u00e9conomies fortes afin d\u2019avoir une monnaie forte et ne pas compter sur la force d\u2019une monnaie quelconque pour faire notre d\u00e9veloppement.<\/p>\n<p><strong>Interview r\u00e9alis\u00e9e par <\/strong><\/p>\n<p><strong>Mahamadi SEBOGO<\/strong><\/p>\n<p><a href=\"mailto:Windmad76@gmail.com\"><strong>Windmad76@gmail.com<\/strong><\/a><\/p>\n<p>L\u2019article <a rel=\"nofollow\" href=\"https:\/\/www.sidwaya.info\/blog\/2022\/03\/12\/baisse-du-taux-de-change-entre-le-f-cfa-et-leuro-il-ny-a-ni-devaluation-ni-une-reevaluation-annoncee-ou-prevue-dixit-pr-sawadogo-hamidou-enseignant\/\">Baisse du taux de change entre le F CFA et l\u2019Euro\u00a0: \u00ab\u00a0Il n\u2019y a ni d\u00e9valuation, ni une r\u00e9\u00e9valuation annonc\u00e9e ou pr\u00e9vue\u00a0\u00bb, dixit Pr Sawadogo Hamidou, enseignant-chercheur<\/a> est apparu en premier sur <a rel=\"nofollow\" href=\"https:\/\/www.sidwaya.info\/\">Quotidien Sidwaya<\/a>.<\/p>\n<\/div>\n<p>Auteur: Wamini SIDWAYA<br \/>\n<a href=\"https:\/\/www.sidwaya.info\/blog\/2022\/03\/12\/baisse-du-taux-de-change-entre-le-f-cfa-et-leuro-il-ny-a-ni-devaluation-ni-une-reevaluation-annoncee-ou-prevue-dixit-pr-sawadogo-hamidou-enseignant\/?utm_source=rss&#038;utm_medium=rss&#038;utm_campaign=baisse-du-taux-de-change-entre-le-f-cfa-et-leuro-il-ny-a-ni-devaluation-ni-une-reevaluation-annoncee-ou-prevue-dixit-pr-sawadogo-hamidou-enseignant\">Cliquez ici pour lire l&rsquo;article depuis sa source.<\/a><\/p>\n","protected":false},"excerpt":{"rendered":"<p>Depuis hier une fausse information circule sur la toile fait \u00e9tat d\u2019une \u00e9ventuelle baisse de la valeur du franc CFA par rapport l\u2019Euro connait. Selon l\u2019enseignant-chercheur en \u00e9conomie mon\u00e9taire et financi\u00e8re \u00e0 l\u2019Institut burkinab\u00e8 des arts et des m\u00e9tiers (IBAM) de l\u2019Universit\u00e9 Joseph Ki-Zerbo, Pr Hamidou Sawadogo, il n\u2019en rien, pour ce qui est du [&hellip;]<\/p>\n","protected":false},"author":1816,"featured_media":0,"comment_status":"closed","ping_status":"closed","sticky":false,"template":"","format":"standard","meta":{"fifu_image_url":"","fifu_image_alt":"","footnotes":""},"categories":[73,81],"tags":[],"class_list":["post-142975","post","type-post","status-publish","format-standard","hentry","category-actualite","category-burkina-faso"],"_links":{"self":[{"href":"https:\/\/linitiative.ca\/International\/wp-json\/wp\/v2\/posts\/142975","targetHints":{"allow":["GET"]}}],"collection":[{"href":"https:\/\/linitiative.ca\/International\/wp-json\/wp\/v2\/posts"}],"about":[{"href":"https:\/\/linitiative.ca\/International\/wp-json\/wp\/v2\/types\/post"}],"author":[{"embeddable":true,"href":"https:\/\/linitiative.ca\/International\/wp-json\/wp\/v2\/users\/1816"}],"replies":[{"embeddable":true,"href":"https:\/\/linitiative.ca\/International\/wp-json\/wp\/v2\/comments?post=142975"}],"version-history":[{"count":0,"href":"https:\/\/linitiative.ca\/International\/wp-json\/wp\/v2\/posts\/142975\/revisions"}],"wp:attachment":[{"href":"https:\/\/linitiative.ca\/International\/wp-json\/wp\/v2\/media?parent=142975"}],"wp:term":[{"taxonomy":"category","embeddable":true,"href":"https:\/\/linitiative.ca\/International\/wp-json\/wp\/v2\/categories?post=142975"},{"taxonomy":"post_tag","embeddable":true,"href":"https:\/\/linitiative.ca\/International\/wp-json\/wp\/v2\/tags?post=142975"}],"curies":[{"name":"wp","href":"https:\/\/api.w.org\/{rel}","templated":true}]}}