{"id":142976,"date":"2022-03-11T22:18:02","date_gmt":"2022-03-12T03:18:02","guid":{"rendered":"https:\/\/linitiative.ca\/International\/cote-divoire-le-groupe-scolaire-children-of-africa-dabobo-mis-en-exergue\/"},"modified":"2022-03-11T22:18:02","modified_gmt":"2022-03-12T03:18:02","slug":"cote-divoire-le-groupe-scolaire-children-of-africa-dabobo-mis-en-exergue","status":"publish","type":"post","link":"https:\/\/linitiative.ca\/International\/cote-divoire-le-groupe-scolaire-children-of-africa-dabobo-mis-en-exergue\/","title":{"rendered":"C\u00f4te d\u2019Ivoire : le Groupe scolaire Children of Africa d\u2019Abobo mis en exergue"},"content":{"rendered":"<div>\n<p><img decoding=\"async\" width=\"2560\" height=\"1704\" src=\"https:\/\/linitiative.ca\/International\/wp-content\/uploads\/sites\/23\/2022\/03\/16470550835612.jpg\" class=\"attachment-post-thumbnail size-post-thumbnail wp-post-image\" alt=\"\" loading=\"lazy\"><\/p>\n<p>La Premi\u00e8re dame de C\u00f4te d&rsquo;Ivoire, Dominique Ouattara, a pr\u00e9sent\u00e9 ce vendredi cette \u00e9cole d&rsquo;excellence construite par sa fondation \u00e0 des c\u00e9l\u00e9brit\u00e9s et donateurs.La visite du Groupe scolaire Children of Africa d&rsquo;Abobo s&rsquo;est tenue en pr\u00e9lude au 8e gala de l&rsquo;ONG \u00e9ponyme organis\u00e9 cette nuit. Dominique Ouattara, l&rsquo;\u00e9pouse du chef de l&rsquo;\u00c9tat ivoirien, avait \u00e0 ses c\u00f4t\u00e9s les chanteurs Singuila, Fally Ipupa, A&rsquo;Salfo (Magic System), les acteurs am\u00e9ricain Gary Dourdan de la s\u00e9rie \u201c Les Experts \u201d et ivoirien Isaach de Bankol\u00e9, l&rsquo;animateur Claudy Siar, la danseuse Dobet Gnahor\u00e9, et la princesse Ira de F\u00fcrstenberg, marraine de la Fondation Children of Africa.<\/p>\n<p>L&rsquo;\u00e9tablissement est sorti de terre gr\u00e2ce aux recettes g\u00e9n\u00e9r\u00e9es par l&rsquo;\u00e9dition 2018 du gala. Le Groupe scolaire d&rsquo;excellence Children of Africa d&rsquo;Abobo, c&rsquo;est 3600 m2\u00a0de surface b\u00e2tie sur deux niveaux sur un terrain de 15.000 m2. La scolarisation des enfants fait partie des principaux domaines d&rsquo;intervention de la fondation de la Premi\u00e8re dame. Depuis sa cr\u00e9ation en 1998, cette organisation distribue gratuitement des milliers de kits scolaires aux enfants d\u00e9favoris\u00e9s \u00e0 chaque rentr\u00e9e des classes.<\/p>\n<p>\u00ab Nous avons construit un lyc\u00e9e dans la ville de Kong (dans\u00a0le Nord de la C\u00f4te d&rsquo;Ivoire) et \u00e9quip\u00e9 des \u00e9coles et des cantines scolaires \u00e0 travers tout le pays afin de permettre \u00e0 tous nos enfants d&rsquo;avoir acc\u00e8s \u00e0 l&rsquo;\u00e9ducation \u00bb, s&rsquo;est f\u00e9licit\u00e9e Dominique Ouattara.<\/p>\n<p>Pour elle, \u00ab il est apparu essentiel\u00a0en\u00a02018<br \/>\n\td&rsquo;offrir \u00e0 nos enfants d&rsquo;Abobo, l&rsquo;une des communes les plus peupl\u00e9es du District d&rsquo;Abidjan, une infrastructure scolaire dot\u00e9e de tous les \u00e9quipements et du confort propres aux \u00e9coles modernes d&rsquo;excellence \u00bb.<\/p>\n<p>Selon l&rsquo;\u00e9pouse d&rsquo;Alassane Ouattara, tous les enfants de son pays, quelles que soient leurs conditions sociales, doivent pouvoir b\u00e9n\u00e9ficier du meilleur enseignement possible. Le Groupe scolaire d&rsquo;excellence Children of Africa d&rsquo;Abobo a une capacit\u00e9 d&rsquo;accueil de 700 \u00e9l\u00e8ves : 100 \u00e0 la maternelle et 600 au primaire.<\/p>\n<p>La 8e \u00e9dition du gala de la Fondation Children of Africa doit permettre de collecter des fonds pour la construction \u00e0 Adiak\u00e9, dans le Sud-Est de la C\u00f4te d&rsquo;Ivoire, d&rsquo;un centre d&rsquo;accueil et de prise en charge des femmes victimes de violences bas\u00e9es sur le genre.<\/p>\n<p>Les dons sont \u00e9galement cens\u00e9s participer \u00e0 l&rsquo;\u00e9largissement de La case des enfants du Plateau construite par la Fondation Children of Africa et r\u00e9serv\u00e9e aux enfants de la rue.<\/p>\n<p>Cet article <a rel=\"nofollow\" href=\"https:\/\/www.journalducameroun.com\/cote-divoire-le-groupe-scolaire-children-of-africa-dabobo-mis-en-exergue\/\">C\u00f4te d\u2019Ivoire : le Groupe scolaire Children of Africa d\u2019Abobo mis en exergue<\/a> est apparu en premier sur <a rel=\"nofollow\" href=\"https:\/\/www.journalducameroun.com\/\">Journal du Cameroun<\/a>.<\/p>\n<\/div>\n<p>Auteur: APA News<br \/>\n<a href=\"https:\/\/www.journalducameroun.com\/cote-divoire-le-groupe-scolaire-children-of-africa-dabobo-mis-en-exergue\/\">Cliquez ici pour lire l&rsquo;article depuis sa source.<\/a><\/p>\n","protected":false},"excerpt":{"rendered":"<p>La Premi\u00e8re dame de C\u00f4te d&rsquo;Ivoire, Dominique Ouattara, a pr\u00e9sent\u00e9 ce vendredi cette \u00e9cole d&rsquo;excellence construite par sa fondation \u00e0 des c\u00e9l\u00e9brit\u00e9s et donateurs.La visite du Groupe scolaire Children of Africa d&rsquo;Abobo s&rsquo;est tenue en pr\u00e9lude au 8e gala de l&rsquo;ONG \u00e9ponyme organis\u00e9 cette nuit. Dominique Ouattara, l&rsquo;\u00e9pouse du chef de l&rsquo;\u00c9tat ivoirien, avait \u00e0 [&hellip;]<\/p>\n","protected":false},"author":1965,"featured_media":0,"comment_status":"closed","ping_status":"closed","sticky":false,"template":"","format":"standard","meta":{"fifu_image_url":"https:\/\/www.journalducameroun.com\/wp-content\/uploads\/2022\/03\/16470550835612.jpg","fifu_image_alt":"C\u00f4te d\u2019Ivoire : le Groupe scolaire Children of Africa d\u2019Abobo mis en exergue","footnotes":""},"categories":[73,82],"tags":[],"class_list":["post-142976","post","type-post","status-publish","format-standard","hentry","category-actualite","category-cameroun"],"_links":{"self":[{"href":"https:\/\/linitiative.ca\/International\/wp-json\/wp\/v2\/posts\/142976","targetHints":{"allow":["GET"]}}],"collection":[{"href":"https:\/\/linitiative.ca\/International\/wp-json\/wp\/v2\/posts"}],"about":[{"href":"https:\/\/linitiative.ca\/International\/wp-json\/wp\/v2\/types\/post"}],"author":[{"embeddable":true,"href":"https:\/\/linitiative.ca\/International\/wp-json\/wp\/v2\/users\/1965"}],"replies":[{"embeddable":true,"href":"https:\/\/linitiative.ca\/International\/wp-json\/wp\/v2\/comments?post=142976"}],"version-history":[{"count":0,"href":"https:\/\/linitiative.ca\/International\/wp-json\/wp\/v2\/posts\/142976\/revisions"}],"wp:attachment":[{"href":"https:\/\/linitiative.ca\/International\/wp-json\/wp\/v2\/media?parent=142976"}],"wp:term":[{"taxonomy":"category","embeddable":true,"href":"https:\/\/linitiative.ca\/International\/wp-json\/wp\/v2\/categories?post=142976"},{"taxonomy":"post_tag","embeddable":true,"href":"https:\/\/linitiative.ca\/International\/wp-json\/wp\/v2\/tags?post=142976"}],"curies":[{"name":"wp","href":"https:\/\/api.w.org\/{rel}","templated":true}]}}